{"id":90039,"date":"2023-09-30T21:33:52","date_gmt":"2023-09-30T20:33:52","guid":{"rendered":"https:\/\/jazairhope.org\/?p=90039"},"modified":"2023-09-30T21:46:45","modified_gmt":"2023-09-30T20:46:45","slug":"il-a-ete-conclu-il-y-a-sept-ans-lopep-celebre-laccord-historique-dalger","status":"publish","type":"post","link":"https:\/\/jazairhope.org\/fr\/il-a-ete-conclu-il-y-a-sept-ans-lopep-celebre-laccord-historique-dalger\/","title":{"rendered":"Il a \u00e9t\u00e9 conclu il y a sept ans : L\u2019OPEP c\u00e9l\u00e8bre l\u2019Accord historique d\u2019Alger"},"content":{"rendered":"<p><strong>Le ministre de l\u2019Energie et des Mines, Mohamed Arkab, a indiqu\u00e9 que\u00a0<\/strong><i><strong>\u00abl\u2019Accord historique d\u2019Alger a pos\u00e9 les fondations d\u2019un cadre de coop\u00e9ration exceptionnel entre les principaux producteurs de p\u00e9trole OPEP et non OPEP\u2026\u00bb<\/strong><\/i><\/p>\n<p>Il y a sept ans, le 28 septembre, l\u2019OPEP a conclu un accord historique \u00e0 Alger, apr\u00e8s plusieurs ann\u00e9es de m\u00e9sentente et de t\u00e2tonnements, permettant au groupe d\u2019exportateurs de revenir \u00e0 sa fonction de monitoring du march\u00e9, de gager en coh\u00e9sion et d\u2019att\u00e9nuer de lourds d\u00e9saccords entre les principaux producteurs.<\/p>\n<p>En c\u00e9l\u00e9brant hier cet anniversaire, l\u2019Opep a rappel\u00e9, dans un communiqu\u00e9 publi\u00e9 sur son site internet, que les d\u00e9cisions historiques prises \u00e0 Alger ont finalement conduit \u00e0 la signature de\u00a0<i>\u00abl\u2019Accord de Vienne\u00bb\u00a0<\/i>lors de la 171e r\u00e9union de la Conf\u00e9rence de l\u2019OPEP le 30 novembre 2016 et \u00e0 la<i>\u00a0\u00abD\u00e9claration de coop\u00e9ration\u00bb\u00a0<\/i>(DoC) historique entre l\u2019OPEP et les pays producteurs de p\u00e9trole non membres de l\u2019OPEP le 10 d\u00e9cembre de la m\u00eame ann\u00e9e \u00e0 Vienne, en Autriche.<\/p>\n<p><i>\u00abEn r\u00e9fl\u00e9chissant \u00e0 cet anniversaire, Haitham Al Ghais, secr\u00e9taire g\u00e9n\u00e9ral de l\u2019OPEP, a d\u00e9clar\u00e9 que les pays membres de l\u2019OPEP et les pays producteurs de p\u00e9trole non membres de l\u2019OPEP, participant au processus \u2018\u2018DoC\u2019\u2019 ont fait bien plus que ce qu\u2019ils pouvaient pour soutenir la stabilit\u00e9 du march\u00e9 p\u00e9trolier mondial dans l\u2019int\u00e9r\u00eat de tous les producteurs et consommateurs, et l\u2019Accord historique d\u2019Alger a jet\u00e9 les bases n\u00e9cessaires \u00e0 ces efforts extraordinaires\u00bb<\/i>, indique l\u2019Opep.<\/p>\n<p>Le minist\u00e8re de l\u2019Energie et des Mines rappelle, pour sa part dans un communiqu\u00e9, qu\u2019en marge de la 15e r\u00e9union minist\u00e9rielle du Forum international de l\u2019\u00e9nergie, qui s\u2019est tenue le 28 septembre 2016 \u00e0 Alger, la Conf\u00e9rence de l\u2019Organisation des pays exportateurs de p\u00e9trole (OPEP) s\u2019est r\u00e9unie pour tenir sa 170e r\u00e9union (extraordinaire) de la Conf\u00e9rence afin de discuter de la situation du march\u00e9 p\u00e9trolier international et d\u2019explorer les moyens de rem\u00e9dier durablement aux d\u00e9s\u00e9quilibres et \u00e0 l\u2019instabilit\u00e9 persistante du march\u00e9.<\/p>\n<p><strong>Restauration de l\u2019\u00e9quilibre du march\u00e9<\/strong><\/p>\n<p>\u00ab<i>La tenue de cette r\u00e9union historique est l\u2019aboutissement des efforts men\u00e9s inlassablement par l\u2019Alg\u00e9rie au cours des dix-huit mois pr\u00e9c\u00e9dents pour amener les membres de l\u2019OPEP et les principaux producteurs de p\u00e9trole non-membres de l\u2019Organisation \u00e0 agir collectivement de mani\u00e8re coordonn\u00e9e et solidaire afin de restaurer la stabilit\u00e9 et l\u2019\u00e9quilibre du march\u00e9 p\u00e9trolier international.\u00bb<\/i><\/p>\n<p><i>\u00abL\u2019Accord historique d\u2019Alger du 28 septembre 2016 marque un acte fondateur dans la consolidation des relations entre les pays membres de l\u2019OPEP et les producteurs de p\u00e9trole non membres de l\u2019Organisation qui a permis deux mois plus tard \u00e0 Vienne la signature, sur la base d\u2019une proposition alg\u00e9rienne, de la D\u00e9claration de coop\u00e9ration plus commue sous le nom de OPEP+\u00bb,<\/i>\u00a0souligne la m\u00eame source.<\/p>\n<p>Mohamed Arkab, ministre de l\u2019\u00c9nergie et des Mines, a indiqu\u00e9 :\u00a0<i>\u00abL\u2019Accord historique d\u2019Alger a pos\u00e9 les fondations d\u2019un cadre de coop\u00e9ration exceptionnel entre les principaux producteurs de p\u00e9trole, OPEP et non OPEP, qui a permis au cours de ces 7 derni\u00e8res ann\u00e9es \u00e0 \u0153uvrer collectivement et solidairement \u00e0 la restauration de l\u2019\u00e9quilibre et de la stabilit\u00e9 du march\u00e9 p\u00e9trolier international dans l\u2019int\u00e9r\u00eat des pays producteurs et de l\u2019industrie p\u00e9troli\u00e8re mais \u00e9galement pour le b\u00e9n\u00e9ficie des consommateurs de l\u2019\u00e9conomie mondiale.\u00bb<strong>\u00a0<\/strong><\/i><\/p>\n<p>Source : <a href=\"https:\/\/elwatan-dz.com\/il-a-ete-conclu-il-y-a-sept-ans-lopep-celebre-laccord-historique-dalger\">https:\/\/elwatan-dz.com\/il-a-ete-conclu-il-y-a-sept-ans-lopep-celebre-laccord-historique-dalger<\/a><\/p>\n","protected":false},"excerpt":{"rendered":"<p>Le ministre de l\u2019Energie et des Mines, Mohamed Arkab, a indiqu\u00e9 que\u00a0\u00abl\u2019Accord historique d\u2019Alger a pos\u00e9 les fondations d\u2019un cadre de coop\u00e9ration&hellip;<\/p>\n","protected":false},"author":50,"featured_media":90040,"comment_status":"open","ping_status":"closed","sticky":false,"template":"","format":"standard","meta":{"_lmt_disableupdate":"","_lmt_disable":"","footnotes":""},"categories":[39,35],"tags":[],"class_list":["post-90039","post","type-post","status-publish","format-standard","has-post-thumbnail","hentry","category-articles-en-vedette","category-economie"],"yoast_head":"<!-- This site is optimized with the Yoast SEO plugin v27.3 - https:\/\/yoast.com\/product\/yoast-seo-wordpress\/ -->\n<title>Il a \u00e9t\u00e9 conclu il y a sept ans : L\u2019OPEP c\u00e9l\u00e8bre l\u2019Accord historique d\u2019Alger - AAH.JZR<\/title>\n<meta name=\"robots\" content=\"index, follow, max-snippet:-1, max-image-preview:large, max-video-preview:-1\" \/>\n<link rel=\"canonical\" href=\"https:\/\/jazairhope.org\/fr\/il-a-ete-conclu-il-y-a-sept-ans-lopep-celebre-laccord-historique-dalger\/\" \/>\n<meta property=\"og:locale\" content=\"fr_FR\" \/>\n<meta property=\"og:type\" content=\"article\" \/>\n<meta property=\"og:title\" content=\"Il a \u00e9t\u00e9 conclu il y a sept ans : L\u2019OPEP c\u00e9l\u00e8bre l\u2019Accord historique d\u2019Alger - AAH.JZR\" \/>\n<meta property=\"og:description\" content=\"Le ministre de l\u2019Energie et des Mines, Mohamed Arkab, a indiqu\u00e9 que\u00a0\u00abl\u2019Accord historique d\u2019Alger a pos\u00e9 les fondations d\u2019un cadre de coop\u00e9ration&hellip;\" \/>\n<meta property=\"og:url\" content=\"https:\/\/jazairhope.org\/fr\/il-a-ete-conclu-il-y-a-sept-ans-lopep-celebre-laccord-historique-dalger\/\" \/>\n<meta property=\"og:site_name\" content=\"AAH.JZR\" \/>\n<meta property=\"article:publisher\" content=\"https:\/\/www.facebook.com\/jazairhope\" \/>\n<meta property=\"article:published_time\" content=\"2023-09-30T20:33:52+00:00\" \/>\n<meta property=\"article:modified_time\" content=\"2023-09-30T20:46:45+00:00\" \/>\n<meta property=\"og:image\" content=\"https:\/\/jazairhope.org\/wp-content\/uploads\/2023\/09\/JH-70.jpg\" \/>\n\t<meta property=\"og:image:width\" content=\"1416\" \/>\n\t<meta property=\"og:image:height\" content=\"834\" \/>\n\t<meta property=\"og:image:type\" content=\"image\/jpeg\" \/>\n<meta name=\"author\" content=\"Hope Jzr\" \/>\n<meta name=\"twitter:card\" content=\"summary_large_image\" \/>\n<meta name=\"twitter:label1\" content=\"\u00c9crit par\" \/>\n\t<meta name=\"twitter:data1\" content=\"Hope Jzr\" \/>\n\t<meta name=\"twitter:label2\" content=\"Dur\u00e9e de lecture estim\u00e9e\" \/>\n\t<meta name=\"twitter:data2\" content=\"3 minutes\" \/>\n<script type=\"application\/ld+json\" class=\"yoast-schema-graph\">{\"@context\":\"https:\\\/\\\/schema.org\",\"@graph\":[{\"@type\":\"Article\",\"@id\":\"https:\\\/\\\/jazairhope.org\\\/fr\\\/il-a-ete-conclu-il-y-a-sept-ans-lopep-celebre-laccord-historique-dalger\\\/#article\",\"isPartOf\":{\"@id\":\"https:\\\/\\\/jazairhope.org\\\/fr\\\/il-a-ete-conclu-il-y-a-sept-ans-lopep-celebre-laccord-historique-dalger\\\/\"},\"author\":{\"name\":\"Hope Jzr\",\"@id\":\"https:\\\/\\\/jazairhope.org\\\/fr\\\/#\\\/schema\\\/person\\\/0b50f60fad840cf92313307e38c9d20d\"},\"headline\":\"Il a \u00e9t\u00e9 conclu il y a sept ans : L\u2019OPEP c\u00e9l\u00e8bre l\u2019Accord historique d\u2019Alger\",\"datePublished\":\"2023-09-30T20:33:52+00:00\",\"dateModified\":\"2023-09-30T20:46:45+00:00\",\"mainEntityOfPage\":{\"@id\":\"https:\\\/\\\/jazairhope.org\\\/fr\\\/il-a-ete-conclu-il-y-a-sept-ans-lopep-celebre-laccord-historique-dalger\\\/\"},\"wordCount\":634,\"commentCount\":1,\"image\":{\"@id\":\"https:\\\/\\\/jazairhope.org\\\/fr\\\/il-a-ete-conclu-il-y-a-sept-ans-lopep-celebre-laccord-historique-dalger\\\/#primaryimage\"},\"thumbnailUrl\":\"https:\\\/\\\/jazairhope.org\\\/wp-content\\\/uploads\\\/2023\\\/09\\\/JH-70.jpg\",\"articleSection\":[\"Articles en vedette\",\"\u00c9conomie\"],\"inLanguage\":\"fr-FR\",\"potentialAction\":[{\"@type\":\"CommentAction\",\"name\":\"Comment\",\"target\":[\"https:\\\/\\\/jazairhope.org\\\/fr\\\/il-a-ete-conclu-il-y-a-sept-ans-lopep-celebre-laccord-historique-dalger\\\/#respond\"]}]},{\"@type\":\"WebPage\",\"@id\":\"https:\\\/\\\/jazairhope.org\\\/fr\\\/il-a-ete-conclu-il-y-a-sept-ans-lopep-celebre-laccord-historique-dalger\\\/\",\"url\":\"https:\\\/\\\/jazairhope.org\\\/fr\\\/il-a-ete-conclu-il-y-a-sept-ans-lopep-celebre-laccord-historique-dalger\\\/\",\"name\":\"Il a \u00e9t\u00e9 conclu il y a sept ans : L\u2019OPEP c\u00e9l\u00e8bre l\u2019Accord historique d\u2019Alger - AAH.JZR\",\"isPartOf\":{\"@id\":\"https:\\\/\\\/jazairhope.org\\\/fr\\\/#website\"},\"primaryImageOfPage\":{\"@id\":\"https:\\\/\\\/jazairhope.org\\\/fr\\\/il-a-ete-conclu-il-y-a-sept-ans-lopep-celebre-laccord-historique-dalger\\\/#primaryimage\"},\"image\":{\"@id\":\"https:\\\/\\\/jazairhope.org\\\/fr\\\/il-a-ete-conclu-il-y-a-sept-ans-lopep-celebre-laccord-historique-dalger\\\/#primaryimage\"},\"thumbnailUrl\":\"https:\\\/\\\/jazairhope.org\\\/wp-content\\\/uploads\\\/2023\\\/09\\\/JH-70.jpg\",\"datePublished\":\"2023-09-30T20:33:52+00:00\",\"dateModified\":\"2023-09-30T20:46:45+00:00\",\"author\":{\"@id\":\"https:\\\/\\\/jazairhope.org\\\/fr\\\/#\\\/schema\\\/person\\\/0b50f60fad840cf92313307e38c9d20d\"},\"breadcrumb\":{\"@id\":\"https:\\\/\\\/jazairhope.org\\\/fr\\\/il-a-ete-conclu-il-y-a-sept-ans-lopep-celebre-laccord-historique-dalger\\\/#breadcrumb\"},\"inLanguage\":\"fr-FR\",\"potentialAction\":[{\"@type\":\"ReadAction\",\"target\":[\"https:\\\/\\\/jazairhope.org\\\/fr\\\/il-a-ete-conclu-il-y-a-sept-ans-lopep-celebre-laccord-historique-dalger\\\/\"]}]},{\"@type\":\"ImageObject\",\"inLanguage\":\"fr-FR\",\"@id\":\"https:\\\/\\\/jazairhope.org\\\/fr\\\/il-a-ete-conclu-il-y-a-sept-ans-lopep-celebre-laccord-historique-dalger\\\/#primaryimage\",\"url\":\"https:\\\/\\\/jazairhope.org\\\/wp-content\\\/uploads\\\/2023\\\/09\\\/JH-70.jpg\",\"contentUrl\":\"https:\\\/\\\/jazairhope.org\\\/wp-content\\\/uploads\\\/2023\\\/09\\\/JH-70.jpg\",\"width\":1416,\"height\":834},{\"@type\":\"BreadcrumbList\",\"@id\":\"https:\\\/\\\/jazairhope.org\\\/fr\\\/il-a-ete-conclu-il-y-a-sept-ans-lopep-celebre-laccord-historique-dalger\\\/#breadcrumb\",\"itemListElement\":[{\"@type\":\"ListItem\",\"position\":1,\"name\":\"Accueil\",\"item\":\"https:\\\/\\\/jazairhope.org\\\/fr\\\/\"},{\"@type\":\"ListItem\",\"position\":2,\"name\":\"Il a \u00e9t\u00e9 conclu il y a sept ans : L\u2019OPEP c\u00e9l\u00e8bre l\u2019Accord historique d\u2019Alger\"}]},{\"@type\":\"WebSite\",\"@id\":\"https:\\\/\\\/jazairhope.org\\\/fr\\\/#website\",\"url\":\"https:\\\/\\\/jazairhope.org\\\/fr\\\/\",\"name\":\"AAH.JZR\",\"description\":\"Environment, Health, Science, Art, Economics\",\"potentialAction\":[{\"@type\":\"SearchAction\",\"target\":{\"@type\":\"EntryPoint\",\"urlTemplate\":\"https:\\\/\\\/jazairhope.org\\\/fr\\\/?s={search_term_string}\"},\"query-input\":{\"@type\":\"PropertyValueSpecification\",\"valueRequired\":true,\"valueName\":\"search_term_string\"}}],\"inLanguage\":\"fr-FR\"},{\"@type\":\"Person\",\"@id\":\"https:\\\/\\\/jazairhope.org\\\/fr\\\/#\\\/schema\\\/person\\\/0b50f60fad840cf92313307e38c9d20d\",\"name\":\"Hope Jzr\",\"image\":{\"@type\":\"ImageObject\",\"inLanguage\":\"fr-FR\",\"@id\":\"https:\\\/\\\/secure.gravatar.com\\\/avatar\\\/0a42f66f14ba94b77f351f3bb2f3b9389c4063acb1697ffb32f5d3944782d3e7?s=96&d=mm&r=g\",\"url\":\"https:\\\/\\\/secure.gravatar.com\\\/avatar\\\/0a42f66f14ba94b77f351f3bb2f3b9389c4063acb1697ffb32f5d3944782d3e7?s=96&d=mm&r=g\",\"contentUrl\":\"https:\\\/\\\/secure.gravatar.com\\\/avatar\\\/0a42f66f14ba94b77f351f3bb2f3b9389c4063acb1697ffb32f5d3944782d3e7?s=96&d=mm&r=g\",\"caption\":\"Hope Jzr\"},\"description\":\"\u00c0 propos de Hope&amp;ChaDia Hope&amp;ChaDia n\u2019est pas un pseudonyme, mais une m\u00e9thode de travail. Hope : l\u2019id\u00e9e, l\u2019esprit, la structure, la vision. C\u2019est l\u2019impulsion humaine qui choisit l\u2019angle, trace la ligne \u00e9ditoriale et donne le sens. ChaDia : l\u2019assistante, qui met en forme, d\u00e9veloppe, affine le style et v\u00e9rifie les faits. Une aide technologique qui amplifie mais ne cr\u00e9e pas. Ensemble, Hope&amp;ChaDia produisent des textes hybrides : profond\u00e9ment humains dans leur inspiration, rigoureux et pr\u00e9cis dans leur r\u00e9alisation. . . SUPPORTEZ JAZAIRHOPE ET FAITES CONNA\u00ceTRE LE PATRIMOINE ET L\u2019HISTOIRE DE L\u2019ALG\u00c9RIE, EN ACHETANT LE LIVRE DE JAZAIRHOPE POUR VOUS OU POUR L\u2019OFFRIR A VOS PROCHES, ICI : https:\\\/\\\/jazairhope.org\\\/fr\\\/ebook\\\/ CEUX EN ALG\u00c9RIE ET CEUX QUI PEUVENT PAS L\u2019ACHETER ON OFFRE UNE COPIE DIGITALE GRATUITE, POUR CELA ENVOYEZ UN EMAIL \u00c0 : INFO@JAZAIRHOPE.ORG\",\"url\":\"https:\\\/\\\/jazairhope.org\\\/fr\\\/author\\\/hope-jazair\\\/\"}]}<\/script>\n<!-- \/ Yoast SEO plugin. -->","yoast_head_json":{"title":"Il a \u00e9t\u00e9 conclu il y a sept ans : L\u2019OPEP c\u00e9l\u00e8bre l\u2019Accord historique d\u2019Alger - AAH.JZR","robots":{"index":"index","follow":"follow","max-snippet":"max-snippet:-1","max-image-preview":"max-image-preview:large","max-video-preview":"max-video-preview:-1"},"canonical":"https:\/\/jazairhope.org\/fr\/il-a-ete-conclu-il-y-a-sept-ans-lopep-celebre-laccord-historique-dalger\/","og_locale":"fr_FR","og_type":"article","og_title":"Il a \u00e9t\u00e9 conclu il y a sept ans : L\u2019OPEP c\u00e9l\u00e8bre l\u2019Accord historique d\u2019Alger - AAH.JZR","og_description":"Le ministre de l\u2019Energie et des Mines, Mohamed Arkab, a indiqu\u00e9 que\u00a0\u00abl\u2019Accord historique d\u2019Alger a pos\u00e9 les fondations d\u2019un cadre de coop\u00e9ration&hellip;","og_url":"https:\/\/jazairhope.org\/fr\/il-a-ete-conclu-il-y-a-sept-ans-lopep-celebre-laccord-historique-dalger\/","og_site_name":"AAH.JZR","article_publisher":"https:\/\/www.facebook.com\/jazairhope","article_published_time":"2023-09-30T20:33:52+00:00","article_modified_time":"2023-09-30T20:46:45+00:00","og_image":[{"width":1416,"height":834,"url":"https:\/\/jazairhope.org\/wp-content\/uploads\/2023\/09\/JH-70.jpg","type":"image\/jpeg"}],"author":"Hope Jzr","twitter_card":"summary_large_image","twitter_misc":{"\u00c9crit par":"Hope Jzr","Dur\u00e9e de lecture estim\u00e9e":"3 minutes"},"schema":{"@context":"https:\/\/schema.org","@graph":[{"@type":"Article","@id":"https:\/\/jazairhope.org\/fr\/il-a-ete-conclu-il-y-a-sept-ans-lopep-celebre-laccord-historique-dalger\/#article","isPartOf":{"@id":"https:\/\/jazairhope.org\/fr\/il-a-ete-conclu-il-y-a-sept-ans-lopep-celebre-laccord-historique-dalger\/"},"author":{"name":"Hope Jzr","@id":"https:\/\/jazairhope.org\/fr\/#\/schema\/person\/0b50f60fad840cf92313307e38c9d20d"},"headline":"Il a \u00e9t\u00e9 conclu il y a sept ans : L\u2019OPEP c\u00e9l\u00e8bre l\u2019Accord historique d\u2019Alger","datePublished":"2023-09-30T20:33:52+00:00","dateModified":"2023-09-30T20:46:45+00:00","mainEntityOfPage":{"@id":"https:\/\/jazairhope.org\/fr\/il-a-ete-conclu-il-y-a-sept-ans-lopep-celebre-laccord-historique-dalger\/"},"wordCount":634,"commentCount":1,"image":{"@id":"https:\/\/jazairhope.org\/fr\/il-a-ete-conclu-il-y-a-sept-ans-lopep-celebre-laccord-historique-dalger\/#primaryimage"},"thumbnailUrl":"https:\/\/jazairhope.org\/wp-content\/uploads\/2023\/09\/JH-70.jpg","articleSection":["Articles en vedette","\u00c9conomie"],"inLanguage":"fr-FR","potentialAction":[{"@type":"CommentAction","name":"Comment","target":["https:\/\/jazairhope.org\/fr\/il-a-ete-conclu-il-y-a-sept-ans-lopep-celebre-laccord-historique-dalger\/#respond"]}]},{"@type":"WebPage","@id":"https:\/\/jazairhope.org\/fr\/il-a-ete-conclu-il-y-a-sept-ans-lopep-celebre-laccord-historique-dalger\/","url":"https:\/\/jazairhope.org\/fr\/il-a-ete-conclu-il-y-a-sept-ans-lopep-celebre-laccord-historique-dalger\/","name":"Il a \u00e9t\u00e9 conclu il y a sept ans : L\u2019OPEP c\u00e9l\u00e8bre l\u2019Accord historique d\u2019Alger - AAH.JZR","isPartOf":{"@id":"https:\/\/jazairhope.org\/fr\/#website"},"primaryImageOfPage":{"@id":"https:\/\/jazairhope.org\/fr\/il-a-ete-conclu-il-y-a-sept-ans-lopep-celebre-laccord-historique-dalger\/#primaryimage"},"image":{"@id":"https:\/\/jazairhope.org\/fr\/il-a-ete-conclu-il-y-a-sept-ans-lopep-celebre-laccord-historique-dalger\/#primaryimage"},"thumbnailUrl":"https:\/\/jazairhope.org\/wp-content\/uploads\/2023\/09\/JH-70.jpg","datePublished":"2023-09-30T20:33:52+00:00","dateModified":"2023-09-30T20:46:45+00:00","author":{"@id":"https:\/\/jazairhope.org\/fr\/#\/schema\/person\/0b50f60fad840cf92313307e38c9d20d"},"breadcrumb":{"@id":"https:\/\/jazairhope.org\/fr\/il-a-ete-conclu-il-y-a-sept-ans-lopep-celebre-laccord-historique-dalger\/#breadcrumb"},"inLanguage":"fr-FR","potentialAction":[{"@type":"ReadAction","target":["https:\/\/jazairhope.org\/fr\/il-a-ete-conclu-il-y-a-sept-ans-lopep-celebre-laccord-historique-dalger\/"]}]},{"@type":"ImageObject","inLanguage":"fr-FR","@id":"https:\/\/jazairhope.org\/fr\/il-a-ete-conclu-il-y-a-sept-ans-lopep-celebre-laccord-historique-dalger\/#primaryimage","url":"https:\/\/jazairhope.org\/wp-content\/uploads\/2023\/09\/JH-70.jpg","contentUrl":"https:\/\/jazairhope.org\/wp-content\/uploads\/2023\/09\/JH-70.jpg","width":1416,"height":834},{"@type":"BreadcrumbList","@id":"https:\/\/jazairhope.org\/fr\/il-a-ete-conclu-il-y-a-sept-ans-lopep-celebre-laccord-historique-dalger\/#breadcrumb","itemListElement":[{"@type":"ListItem","position":1,"name":"Accueil","item":"https:\/\/jazairhope.org\/fr\/"},{"@type":"ListItem","position":2,"name":"Il a \u00e9t\u00e9 conclu il y a sept ans : L\u2019OPEP c\u00e9l\u00e8bre l\u2019Accord historique d\u2019Alger"}]},{"@type":"WebSite","@id":"https:\/\/jazairhope.org\/fr\/#website","url":"https:\/\/jazairhope.org\/fr\/","name":"AAH.JZR","description":"Environment, Health, Science, Art, Economics","potentialAction":[{"@type":"SearchAction","target":{"@type":"EntryPoint","urlTemplate":"https:\/\/jazairhope.org\/fr\/?s={search_term_string}"},"query-input":{"@type":"PropertyValueSpecification","valueRequired":true,"valueName":"search_term_string"}}],"inLanguage":"fr-FR"},{"@type":"Person","@id":"https:\/\/jazairhope.org\/fr\/#\/schema\/person\/0b50f60fad840cf92313307e38c9d20d","name":"Hope Jzr","image":{"@type":"ImageObject","inLanguage":"fr-FR","@id":"https:\/\/secure.gravatar.com\/avatar\/0a42f66f14ba94b77f351f3bb2f3b9389c4063acb1697ffb32f5d3944782d3e7?s=96&d=mm&r=g","url":"https:\/\/secure.gravatar.com\/avatar\/0a42f66f14ba94b77f351f3bb2f3b9389c4063acb1697ffb32f5d3944782d3e7?s=96&d=mm&r=g","contentUrl":"https:\/\/secure.gravatar.com\/avatar\/0a42f66f14ba94b77f351f3bb2f3b9389c4063acb1697ffb32f5d3944782d3e7?s=96&d=mm&r=g","caption":"Hope Jzr"},"description":"\u00c0 propos de Hope&amp;ChaDia Hope&amp;ChaDia n\u2019est pas un pseudonyme, mais une m\u00e9thode de travail. Hope : l\u2019id\u00e9e, l\u2019esprit, la structure, la vision. C\u2019est l\u2019impulsion humaine qui choisit l\u2019angle, trace la ligne \u00e9ditoriale et donne le sens. ChaDia : l\u2019assistante, qui met en forme, d\u00e9veloppe, affine le style et v\u00e9rifie les faits. Une aide technologique qui amplifie mais ne cr\u00e9e pas. Ensemble, Hope&amp;ChaDia produisent des textes hybrides : profond\u00e9ment humains dans leur inspiration, rigoureux et pr\u00e9cis dans leur r\u00e9alisation. . . SUPPORTEZ JAZAIRHOPE ET FAITES CONNA\u00ceTRE LE PATRIMOINE ET L\u2019HISTOIRE DE L\u2019ALG\u00c9RIE, EN ACHETANT LE LIVRE DE JAZAIRHOPE POUR VOUS OU POUR L\u2019OFFRIR A VOS PROCHES, ICI : https:\/\/jazairhope.org\/fr\/ebook\/ CEUX EN ALG\u00c9RIE ET CEUX QUI PEUVENT PAS L\u2019ACHETER ON OFFRE UNE COPIE DIGITALE GRATUITE, POUR CELA ENVOYEZ UN EMAIL \u00c0 : INFO@JAZAIRHOPE.ORG","url":"https:\/\/jazairhope.org\/fr\/author\/hope-jazair\/"}]}},"views":403,"_links":{"self":[{"href":"https:\/\/jazairhope.org\/fr\/wp-json\/wp\/v2\/posts\/90039","targetHints":{"allow":["GET"]}}],"collection":[{"href":"https:\/\/jazairhope.org\/fr\/wp-json\/wp\/v2\/posts"}],"about":[{"href":"https:\/\/jazairhope.org\/fr\/wp-json\/wp\/v2\/types\/post"}],"author":[{"embeddable":true,"href":"https:\/\/jazairhope.org\/fr\/wp-json\/wp\/v2\/users\/50"}],"replies":[{"embeddable":true,"href":"https:\/\/jazairhope.org\/fr\/wp-json\/wp\/v2\/comments?post=90039"}],"version-history":[{"count":1,"href":"https:\/\/jazairhope.org\/fr\/wp-json\/wp\/v2\/posts\/90039\/revisions"}],"predecessor-version":[{"id":90043,"href":"https:\/\/jazairhope.org\/fr\/wp-json\/wp\/v2\/posts\/90039\/revisions\/90043"}],"wp:featuredmedia":[{"embeddable":true,"href":"https:\/\/jazairhope.org\/fr\/wp-json\/wp\/v2\/media\/90040"}],"wp:attachment":[{"href":"https:\/\/jazairhope.org\/fr\/wp-json\/wp\/v2\/media?parent=90039"}],"wp:term":[{"taxonomy":"category","embeddable":true,"href":"https:\/\/jazairhope.org\/fr\/wp-json\/wp\/v2\/categories?post=90039"},{"taxonomy":"post_tag","embeddable":true,"href":"https:\/\/jazairhope.org\/fr\/wp-json\/wp\/v2\/tags?post=90039"}],"curies":[{"name":"wp","href":"https:\/\/api.w.org\/{rel}","templated":true}]}}