{"id":90766,"date":"2023-10-09T13:07:20","date_gmt":"2023-10-09T12:07:20","guid":{"rendered":"https:\/\/jazairhope.org\/?p=90766"},"modified":"2023-10-09T13:07:20","modified_gmt":"2023-10-09T12:07:20","slug":"ahmed-bensaada-a-travers-la-personne-de-khaled-nezzar-long-suisse-vise-notre-institution-militaire","status":"publish","type":"post","link":"https:\/\/jazairhope.org\/fr\/ahmed-bensaada-a-travers-la-personne-de-khaled-nezzar-long-suisse-vise-notre-institution-militaire\/","title":{"rendered":"Ahmed Bensaada: \u00e0 travers la personne de Khaled Nezzar, l\u2019ONG suisse vise notre institution militaire"},"content":{"rendered":"<p><span style=\"font-family: Helvetica;font-size: 14px\"><b><strong>Certaines Organisations non gouvernementales (ONG) financ\u00e9es par les puissances occidentales, sous pr\u00e9texte de d\u00e9fendre les principes des droits de l\u2019Homme, s\u2019immiscent dans les affaires internes des autres pays. \u00a0C\u2019est le cas de de l\u2019ONG Trial International qui s\u2019est attaqu\u00e9e directement \u00e0 l\u2019ancien ministre alg\u00e9rien de la D\u00e9fense, Khaled Nezzar. \u00ab\u00a0Dans cette situation ce n\u2019est pas l\u2019ancien ministre lui-m\u00eame qui est vis\u00e9, c\u2019est notre institution militaire. Nous savons tous que toucher \u00e0 l\u2019institution militaire c\u2019est toucher \u00e0 la colonne vert\u00e9brale de notre pays\u00a0\u00bb, commente, ce lundi, Ahmed Bensaada, auteur et analyste politique.<\/strong><\/b><\/span><\/p>\n<p><span style=\"font-family: Helvetica;font-size: 14px\">Selon M. Bensaada, \u00ab\u00a0cette ONG s\u2019en prend \u00e0 l\u2019arm\u00e9e alg\u00e9rienne qui a d\u00e9fendu le pays et le peuple des affres de l\u2019islamisme radical. Sans l\u2019arm\u00e9e, le pays aurait coul\u00e9 sous la violence.\u00a0\u00bb \u00ab\u00a0Il n\u2019est pas question que Trial International touche \u00e0 l\u2019institution militaire alors qu\u2019elle a des reproches \u00e0 se faire de par son financement et ses positions politiques\u00a0\u00bb, alerte l\u2019analyste politique lors de son passage \u00e0 l\u2019\u00e9mission\u00a0<em>l\u2019Invit\u00e9 de la R\u00e9daction<\/em>\u00a0de la Cha\u00eene III de la Radio Alg\u00e9rienne.<\/span><\/p>\n<p><span style=\"font-family: Helvetica;font-size: 14px\">Il explique par la m\u00eame occasion que de nombreuses ONG constituent des armes de nombreux pays occidentaux. \u00ab\u00a0Les pays occidentaux ont des armes. Trial International fait partie de ces armes de la guerre de 4<sup>e<\/sup>\u00a0g\u00e9n\u00e9ration\u00a0\u00bb, fait-t-il remarquer, avant d\u2019ajouter\u00a0: \u00ab\u00a0ceux qui financent Trial International ne sont pas loin de la politique. Ce sont des Etats et des minist\u00e8res des affaires \u00e9trang\u00e8res.\u00a0\u00bb<\/span><\/p>\n<p><span style=\"font-family: Helvetica;font-size: 14px\">\u00ab\u00a0Une ONG cr\u00e9dible doit \u00eatre totalement ind\u00e9pendante financi\u00e8rement et politiquement. Trial International n\u2019est ind\u00e9pendante ni financi\u00e8rement ni politiquement \u00bb, rappelle l\u2019invit\u00e9 de la Radio Alg\u00e9rienne.<\/span><\/p>\n<p><span style=\"font-family: Helvetica;font-size: 14px\">Il signale par ailleurs que juste apr\u00e8s cette histoire de Trial International avec la justice suisse, \u00ab\u00a0nous avons vu des anciens du FIS dissout se montrer et discuter sur les cha\u00eenes europ\u00e9ennes et m\u00eame sortir des communiqu\u00e9s.\u00a0\u00bb<\/span><\/p>\n<p><span style=\"font-family: Helvetica;font-size: 14px\">\u00ab\u00a0Pourquoi Trial International ne juge pas les islamistes radicaux et les djihadistes\u00a0\u00bb, s\u2019interroge-t-il.<\/span><\/p>\n<p><span style=\"font-family: Helvetica;font-size: 14px\"><b><strong>\u00abIl est impossible que l\u2019Alg\u00e9rie ne soit pas vis\u00e9e\u00bb<\/strong><\/b><\/span><\/p>\n<p><span style=\"font-family: Helvetica;font-size: 14px\">Pour M. Bensaada, si les ONG mettent l\u2019Alg\u00e9rie dans leur ligne de mire, c\u2019est pour plusieurs raisons. \u00ab\u00a0Premi\u00e8rement sa position g\u00e9ostrat\u00e9gique, deuxi\u00e8mement ses ressources mini\u00e8res et p\u00e9troli\u00e8res et surtout ses positions politiques solides et ind\u00e9fectibles\u00a0\u00bb, argue l\u2019auteur de l\u2019enqu\u00eate\u00a0<em>Qui est derri\u00e8re \u00ab Trial International \u00bb, l\u2019ONG suisse qui menace l\u2019arm\u00e9e alg\u00e9rienne ?<\/em><\/span><\/p>\n<p><span style=\"font-family: Helvetica;font-size: 14px\">La non-reconnaissance d\u2019Isra\u00ebl et la d\u00e9fense des droits du peuple sahraoui m\u00e8nent \u00e0 ce que les puissances \u00e9trang\u00e8res occidentales ne soient pas d\u2019accord avec l\u2019Alg\u00e9rie et mobilisent les ONG pour salir son image \u00e0 l\u2019international.<\/span><\/p>\n<p><span style=\"font-family: Helvetica;font-size: 14px\">\u00abIl est donc impossible que l\u2019Alg\u00e9rie ne soit pas vis\u00e9e\u00bb, souligne-t-il.<\/span><\/p>\n<p>&nbsp;<\/p>\n<p><span style=\"font-family: Helvetica;font-size: 14px\">algerie54.dz<\/span><\/p>\n","protected":false},"excerpt":{"rendered":"<p>Certaines Organisations non gouvernementales (ONG) financ\u00e9es par les puissances occidentales, sous pr\u00e9texte de d\u00e9fendre les principes des droits de l\u2019Homme, s\u2019immiscent dans&hellip;<\/p>\n","protected":false},"author":61,"featured_media":90767,"comment_status":"open","ping_status":"closed","sticky":false,"template":"","format":"standard","meta":{"_lmt_disableupdate":"","_lmt_disable":"","footnotes":""},"categories":[39,49],"tags":[],"class_list":["post-90766","post","type-post","status-publish","format-standard","has-post-thumbnail","hentry","category-articles-en-vedette","category-politique"],"yoast_head":"<!-- This site is optimized with the Yoast SEO plugin v27.3 - https:\/\/yoast.com\/product\/yoast-seo-wordpress\/ -->\n<title>Ahmed Bensaada: \u00e0 travers la personne de Khaled Nezzar, l\u2019ONG suisse vise notre institution militaire - AAH.JZR<\/title>\n<meta name=\"robots\" content=\"index, follow, max-snippet:-1, max-image-preview:large, max-video-preview:-1\" \/>\n<link rel=\"canonical\" href=\"https:\/\/jazairhope.org\/fr\/ahmed-bensaada-a-travers-la-personne-de-khaled-nezzar-long-suisse-vise-notre-institution-militaire\/\" \/>\n<meta property=\"og:locale\" content=\"fr_FR\" \/>\n<meta property=\"og:type\" content=\"article\" \/>\n<meta property=\"og:title\" content=\"Ahmed Bensaada: \u00e0 travers la personne de Khaled Nezzar, l\u2019ONG suisse vise notre institution militaire - AAH.JZR\" \/>\n<meta property=\"og:description\" content=\"Certaines Organisations non gouvernementales (ONG) financ\u00e9es par les puissances occidentales, sous pr\u00e9texte de d\u00e9fendre les principes des droits de l\u2019Homme, s\u2019immiscent dans&hellip;\" \/>\n<meta property=\"og:url\" content=\"https:\/\/jazairhope.org\/fr\/ahmed-bensaada-a-travers-la-personne-de-khaled-nezzar-long-suisse-vise-notre-institution-militaire\/\" \/>\n<meta property=\"og:site_name\" content=\"AAH.JZR\" \/>\n<meta property=\"article:publisher\" content=\"https:\/\/www.facebook.com\/jazairhope\" \/>\n<meta property=\"article:published_time\" content=\"2023-10-09T12:07:20+00:00\" \/>\n<meta property=\"og:image\" content=\"https:\/\/jazairhope.org\/wp-content\/uploads\/2023\/10\/Bensaada.jpg\" \/>\n\t<meta property=\"og:image:width\" content=\"731\" \/>\n\t<meta property=\"og:image:height\" content=\"548\" \/>\n\t<meta property=\"og:image:type\" content=\"image\/jpeg\" \/>\n<meta name=\"author\" content=\"Toufan\" \/>\n<meta name=\"twitter:card\" content=\"summary_large_image\" \/>\n<meta name=\"twitter:label1\" content=\"\u00c9crit par\" \/>\n\t<meta name=\"twitter:data1\" content=\"Toufan\" \/>\n\t<meta name=\"twitter:label2\" content=\"Dur\u00e9e de lecture estim\u00e9e\" \/>\n\t<meta name=\"twitter:data2\" content=\"3 minutes\" \/>\n<script type=\"application\/ld+json\" class=\"yoast-schema-graph\">{\"@context\":\"https:\\\/\\\/schema.org\",\"@graph\":[{\"@type\":\"Article\",\"@id\":\"https:\\\/\\\/jazairhope.org\\\/fr\\\/ahmed-bensaada-a-travers-la-personne-de-khaled-nezzar-long-suisse-vise-notre-institution-militaire\\\/#article\",\"isPartOf\":{\"@id\":\"https:\\\/\\\/jazairhope.org\\\/fr\\\/ahmed-bensaada-a-travers-la-personne-de-khaled-nezzar-long-suisse-vise-notre-institution-militaire\\\/\"},\"author\":{\"name\":\"Toufan\",\"@id\":\"https:\\\/\\\/jazairhope.org\\\/fr\\\/#\\\/schema\\\/person\\\/7307bafab49aeb129fb6fc80d18d5a4f\"},\"headline\":\"Ahmed Bensaada: \u00e0 travers la personne de Khaled Nezzar, l\u2019ONG suisse vise notre institution militaire\",\"datePublished\":\"2023-10-09T12:07:20+00:00\",\"mainEntityOfPage\":{\"@id\":\"https:\\\/\\\/jazairhope.org\\\/fr\\\/ahmed-bensaada-a-travers-la-personne-de-khaled-nezzar-long-suisse-vise-notre-institution-militaire\\\/\"},\"wordCount\":511,\"commentCount\":0,\"image\":{\"@id\":\"https:\\\/\\\/jazairhope.org\\\/fr\\\/ahmed-bensaada-a-travers-la-personne-de-khaled-nezzar-long-suisse-vise-notre-institution-militaire\\\/#primaryimage\"},\"thumbnailUrl\":\"https:\\\/\\\/jazairhope.org\\\/wp-content\\\/uploads\\\/2023\\\/10\\\/Bensaada.jpg\",\"articleSection\":[\"Articles en vedette\",\"Politique\"],\"inLanguage\":\"fr-FR\",\"potentialAction\":[{\"@type\":\"CommentAction\",\"name\":\"Comment\",\"target\":[\"https:\\\/\\\/jazairhope.org\\\/fr\\\/ahmed-bensaada-a-travers-la-personne-de-khaled-nezzar-long-suisse-vise-notre-institution-militaire\\\/#respond\"]}]},{\"@type\":\"WebPage\",\"@id\":\"https:\\\/\\\/jazairhope.org\\\/fr\\\/ahmed-bensaada-a-travers-la-personne-de-khaled-nezzar-long-suisse-vise-notre-institution-militaire\\\/\",\"url\":\"https:\\\/\\\/jazairhope.org\\\/fr\\\/ahmed-bensaada-a-travers-la-personne-de-khaled-nezzar-long-suisse-vise-notre-institution-militaire\\\/\",\"name\":\"Ahmed Bensaada: \u00e0 travers la personne de Khaled Nezzar, l\u2019ONG suisse vise notre institution militaire - AAH.JZR\",\"isPartOf\":{\"@id\":\"https:\\\/\\\/jazairhope.org\\\/fr\\\/#website\"},\"primaryImageOfPage\":{\"@id\":\"https:\\\/\\\/jazairhope.org\\\/fr\\\/ahmed-bensaada-a-travers-la-personne-de-khaled-nezzar-long-suisse-vise-notre-institution-militaire\\\/#primaryimage\"},\"image\":{\"@id\":\"https:\\\/\\\/jazairhope.org\\\/fr\\\/ahmed-bensaada-a-travers-la-personne-de-khaled-nezzar-long-suisse-vise-notre-institution-militaire\\\/#primaryimage\"},\"thumbnailUrl\":\"https:\\\/\\\/jazairhope.org\\\/wp-content\\\/uploads\\\/2023\\\/10\\\/Bensaada.jpg\",\"datePublished\":\"2023-10-09T12:07:20+00:00\",\"author\":{\"@id\":\"https:\\\/\\\/jazairhope.org\\\/fr\\\/#\\\/schema\\\/person\\\/7307bafab49aeb129fb6fc80d18d5a4f\"},\"breadcrumb\":{\"@id\":\"https:\\\/\\\/jazairhope.org\\\/fr\\\/ahmed-bensaada-a-travers-la-personne-de-khaled-nezzar-long-suisse-vise-notre-institution-militaire\\\/#breadcrumb\"},\"inLanguage\":\"fr-FR\",\"potentialAction\":[{\"@type\":\"ReadAction\",\"target\":[\"https:\\\/\\\/jazairhope.org\\\/fr\\\/ahmed-bensaada-a-travers-la-personne-de-khaled-nezzar-long-suisse-vise-notre-institution-militaire\\\/\"]}]},{\"@type\":\"ImageObject\",\"inLanguage\":\"fr-FR\",\"@id\":\"https:\\\/\\\/jazairhope.org\\\/fr\\\/ahmed-bensaada-a-travers-la-personne-de-khaled-nezzar-long-suisse-vise-notre-institution-militaire\\\/#primaryimage\",\"url\":\"https:\\\/\\\/jazairhope.org\\\/wp-content\\\/uploads\\\/2023\\\/10\\\/Bensaada.jpg\",\"contentUrl\":\"https:\\\/\\\/jazairhope.org\\\/wp-content\\\/uploads\\\/2023\\\/10\\\/Bensaada.jpg\",\"width\":731,\"height\":548},{\"@type\":\"BreadcrumbList\",\"@id\":\"https:\\\/\\\/jazairhope.org\\\/fr\\\/ahmed-bensaada-a-travers-la-personne-de-khaled-nezzar-long-suisse-vise-notre-institution-militaire\\\/#breadcrumb\",\"itemListElement\":[{\"@type\":\"ListItem\",\"position\":1,\"name\":\"Accueil\",\"item\":\"https:\\\/\\\/jazairhope.org\\\/fr\\\/\"},{\"@type\":\"ListItem\",\"position\":2,\"name\":\"Ahmed Bensaada: \u00e0 travers la personne de Khaled Nezzar, l\u2019ONG suisse vise notre institution militaire\"}]},{\"@type\":\"WebSite\",\"@id\":\"https:\\\/\\\/jazairhope.org\\\/fr\\\/#website\",\"url\":\"https:\\\/\\\/jazairhope.org\\\/fr\\\/\",\"name\":\"AAH.JZR\",\"description\":\"Environment, Health, Science, Art, Economics\",\"potentialAction\":[{\"@type\":\"SearchAction\",\"target\":{\"@type\":\"EntryPoint\",\"urlTemplate\":\"https:\\\/\\\/jazairhope.org\\\/fr\\\/?s={search_term_string}\"},\"query-input\":{\"@type\":\"PropertyValueSpecification\",\"valueRequired\":true,\"valueName\":\"search_term_string\"}}],\"inLanguage\":\"fr-FR\"},{\"@type\":\"Person\",\"@id\":\"https:\\\/\\\/jazairhope.org\\\/fr\\\/#\\\/schema\\\/person\\\/7307bafab49aeb129fb6fc80d18d5a4f\",\"name\":\"Toufan\",\"image\":{\"@type\":\"ImageObject\",\"inLanguage\":\"fr-FR\",\"@id\":\"https:\\\/\\\/secure.gravatar.com\\\/avatar\\\/f6356c3a1b9302a43412244ff56ef2d8361d6ade233460e836f432cc74fa7c2f?s=96&d=mm&r=g\",\"url\":\"https:\\\/\\\/secure.gravatar.com\\\/avatar\\\/f6356c3a1b9302a43412244ff56ef2d8361d6ade233460e836f432cc74fa7c2f?s=96&d=mm&r=g\",\"contentUrl\":\"https:\\\/\\\/secure.gravatar.com\\\/avatar\\\/f6356c3a1b9302a43412244ff56ef2d8361d6ade233460e836f432cc74fa7c2f?s=96&d=mm&r=g\",\"caption\":\"Toufan\"},\"url\":\"https:\\\/\\\/jazairhope.org\\\/fr\\\/author\\\/toufan\\\/\"}]}<\/script>\n<!-- \/ Yoast SEO plugin. -->","yoast_head_json":{"title":"Ahmed Bensaada: \u00e0 travers la personne de Khaled Nezzar, l\u2019ONG suisse vise notre institution militaire - AAH.JZR","robots":{"index":"index","follow":"follow","max-snippet":"max-snippet:-1","max-image-preview":"max-image-preview:large","max-video-preview":"max-video-preview:-1"},"canonical":"https:\/\/jazairhope.org\/fr\/ahmed-bensaada-a-travers-la-personne-de-khaled-nezzar-long-suisse-vise-notre-institution-militaire\/","og_locale":"fr_FR","og_type":"article","og_title":"Ahmed Bensaada: \u00e0 travers la personne de Khaled Nezzar, l\u2019ONG suisse vise notre institution militaire - AAH.JZR","og_description":"Certaines Organisations non gouvernementales (ONG) financ\u00e9es par les puissances occidentales, sous pr\u00e9texte de d\u00e9fendre les principes des droits de l\u2019Homme, s\u2019immiscent dans&hellip;","og_url":"https:\/\/jazairhope.org\/fr\/ahmed-bensaada-a-travers-la-personne-de-khaled-nezzar-long-suisse-vise-notre-institution-militaire\/","og_site_name":"AAH.JZR","article_publisher":"https:\/\/www.facebook.com\/jazairhope","article_published_time":"2023-10-09T12:07:20+00:00","og_image":[{"width":731,"height":548,"url":"https:\/\/jazairhope.org\/wp-content\/uploads\/2023\/10\/Bensaada.jpg","type":"image\/jpeg"}],"author":"Toufan","twitter_card":"summary_large_image","twitter_misc":{"\u00c9crit par":"Toufan","Dur\u00e9e de lecture estim\u00e9e":"3 minutes"},"schema":{"@context":"https:\/\/schema.org","@graph":[{"@type":"Article","@id":"https:\/\/jazairhope.org\/fr\/ahmed-bensaada-a-travers-la-personne-de-khaled-nezzar-long-suisse-vise-notre-institution-militaire\/#article","isPartOf":{"@id":"https:\/\/jazairhope.org\/fr\/ahmed-bensaada-a-travers-la-personne-de-khaled-nezzar-long-suisse-vise-notre-institution-militaire\/"},"author":{"name":"Toufan","@id":"https:\/\/jazairhope.org\/fr\/#\/schema\/person\/7307bafab49aeb129fb6fc80d18d5a4f"},"headline":"Ahmed Bensaada: \u00e0 travers la personne de Khaled Nezzar, l\u2019ONG suisse vise notre institution militaire","datePublished":"2023-10-09T12:07:20+00:00","mainEntityOfPage":{"@id":"https:\/\/jazairhope.org\/fr\/ahmed-bensaada-a-travers-la-personne-de-khaled-nezzar-long-suisse-vise-notre-institution-militaire\/"},"wordCount":511,"commentCount":0,"image":{"@id":"https:\/\/jazairhope.org\/fr\/ahmed-bensaada-a-travers-la-personne-de-khaled-nezzar-long-suisse-vise-notre-institution-militaire\/#primaryimage"},"thumbnailUrl":"https:\/\/jazairhope.org\/wp-content\/uploads\/2023\/10\/Bensaada.jpg","articleSection":["Articles en vedette","Politique"],"inLanguage":"fr-FR","potentialAction":[{"@type":"CommentAction","name":"Comment","target":["https:\/\/jazairhope.org\/fr\/ahmed-bensaada-a-travers-la-personne-de-khaled-nezzar-long-suisse-vise-notre-institution-militaire\/#respond"]}]},{"@type":"WebPage","@id":"https:\/\/jazairhope.org\/fr\/ahmed-bensaada-a-travers-la-personne-de-khaled-nezzar-long-suisse-vise-notre-institution-militaire\/","url":"https:\/\/jazairhope.org\/fr\/ahmed-bensaada-a-travers-la-personne-de-khaled-nezzar-long-suisse-vise-notre-institution-militaire\/","name":"Ahmed Bensaada: \u00e0 travers la personne de Khaled Nezzar, l\u2019ONG suisse vise notre institution militaire - AAH.JZR","isPartOf":{"@id":"https:\/\/jazairhope.org\/fr\/#website"},"primaryImageOfPage":{"@id":"https:\/\/jazairhope.org\/fr\/ahmed-bensaada-a-travers-la-personne-de-khaled-nezzar-long-suisse-vise-notre-institution-militaire\/#primaryimage"},"image":{"@id":"https:\/\/jazairhope.org\/fr\/ahmed-bensaada-a-travers-la-personne-de-khaled-nezzar-long-suisse-vise-notre-institution-militaire\/#primaryimage"},"thumbnailUrl":"https:\/\/jazairhope.org\/wp-content\/uploads\/2023\/10\/Bensaada.jpg","datePublished":"2023-10-09T12:07:20+00:00","author":{"@id":"https:\/\/jazairhope.org\/fr\/#\/schema\/person\/7307bafab49aeb129fb6fc80d18d5a4f"},"breadcrumb":{"@id":"https:\/\/jazairhope.org\/fr\/ahmed-bensaada-a-travers-la-personne-de-khaled-nezzar-long-suisse-vise-notre-institution-militaire\/#breadcrumb"},"inLanguage":"fr-FR","potentialAction":[{"@type":"ReadAction","target":["https:\/\/jazairhope.org\/fr\/ahmed-bensaada-a-travers-la-personne-de-khaled-nezzar-long-suisse-vise-notre-institution-militaire\/"]}]},{"@type":"ImageObject","inLanguage":"fr-FR","@id":"https:\/\/jazairhope.org\/fr\/ahmed-bensaada-a-travers-la-personne-de-khaled-nezzar-long-suisse-vise-notre-institution-militaire\/#primaryimage","url":"https:\/\/jazairhope.org\/wp-content\/uploads\/2023\/10\/Bensaada.jpg","contentUrl":"https:\/\/jazairhope.org\/wp-content\/uploads\/2023\/10\/Bensaada.jpg","width":731,"height":548},{"@type":"BreadcrumbList","@id":"https:\/\/jazairhope.org\/fr\/ahmed-bensaada-a-travers-la-personne-de-khaled-nezzar-long-suisse-vise-notre-institution-militaire\/#breadcrumb","itemListElement":[{"@type":"ListItem","position":1,"name":"Accueil","item":"https:\/\/jazairhope.org\/fr\/"},{"@type":"ListItem","position":2,"name":"Ahmed Bensaada: \u00e0 travers la personne de Khaled Nezzar, l\u2019ONG suisse vise notre institution militaire"}]},{"@type":"WebSite","@id":"https:\/\/jazairhope.org\/fr\/#website","url":"https:\/\/jazairhope.org\/fr\/","name":"AAH.JZR","description":"Environment, Health, Science, Art, Economics","potentialAction":[{"@type":"SearchAction","target":{"@type":"EntryPoint","urlTemplate":"https:\/\/jazairhope.org\/fr\/?s={search_term_string}"},"query-input":{"@type":"PropertyValueSpecification","valueRequired":true,"valueName":"search_term_string"}}],"inLanguage":"fr-FR"},{"@type":"Person","@id":"https:\/\/jazairhope.org\/fr\/#\/schema\/person\/7307bafab49aeb129fb6fc80d18d5a4f","name":"Toufan","image":{"@type":"ImageObject","inLanguage":"fr-FR","@id":"https:\/\/secure.gravatar.com\/avatar\/f6356c3a1b9302a43412244ff56ef2d8361d6ade233460e836f432cc74fa7c2f?s=96&d=mm&r=g","url":"https:\/\/secure.gravatar.com\/avatar\/f6356c3a1b9302a43412244ff56ef2d8361d6ade233460e836f432cc74fa7c2f?s=96&d=mm&r=g","contentUrl":"https:\/\/secure.gravatar.com\/avatar\/f6356c3a1b9302a43412244ff56ef2d8361d6ade233460e836f432cc74fa7c2f?s=96&d=mm&r=g","caption":"Toufan"},"url":"https:\/\/jazairhope.org\/fr\/author\/toufan\/"}]}},"views":313,"_links":{"self":[{"href":"https:\/\/jazairhope.org\/fr\/wp-json\/wp\/v2\/posts\/90766","targetHints":{"allow":["GET"]}}],"collection":[{"href":"https:\/\/jazairhope.org\/fr\/wp-json\/wp\/v2\/posts"}],"about":[{"href":"https:\/\/jazairhope.org\/fr\/wp-json\/wp\/v2\/types\/post"}],"author":[{"embeddable":true,"href":"https:\/\/jazairhope.org\/fr\/wp-json\/wp\/v2\/users\/61"}],"replies":[{"embeddable":true,"href":"https:\/\/jazairhope.org\/fr\/wp-json\/wp\/v2\/comments?post=90766"}],"version-history":[{"count":1,"href":"https:\/\/jazairhope.org\/fr\/wp-json\/wp\/v2\/posts\/90766\/revisions"}],"predecessor-version":[{"id":90770,"href":"https:\/\/jazairhope.org\/fr\/wp-json\/wp\/v2\/posts\/90766\/revisions\/90770"}],"wp:featuredmedia":[{"embeddable":true,"href":"https:\/\/jazairhope.org\/fr\/wp-json\/wp\/v2\/media\/90767"}],"wp:attachment":[{"href":"https:\/\/jazairhope.org\/fr\/wp-json\/wp\/v2\/media?parent=90766"}],"wp:term":[{"taxonomy":"category","embeddable":true,"href":"https:\/\/jazairhope.org\/fr\/wp-json\/wp\/v2\/categories?post=90766"},{"taxonomy":"post_tag","embeddable":true,"href":"https:\/\/jazairhope.org\/fr\/wp-json\/wp\/v2\/tags?post=90766"}],"curies":[{"name":"wp","href":"https:\/\/api.w.org\/{rel}","templated":true}]}}