{"id":90871,"date":"2023-10-10T08:30:29","date_gmt":"2023-10-10T07:30:29","guid":{"rendered":"https:\/\/jazairhope.org\/?p=90871"},"modified":"2023-10-10T06:45:14","modified_gmt":"2023-10-10T05:45:14","slug":"abdelaziz-medjahed-general-major-a-la-retraite-les-palestiniens-resistent-aujourdhui-grace-a-la-guerre-de-1973","status":"publish","type":"post","link":"https:\/\/jazairhope.org\/fr\/abdelaziz-medjahed-general-major-a-la-retraite-les-palestiniens-resistent-aujourdhui-grace-a-la-guerre-de-1973\/","title":{"rendered":"Abdelaziz Medjahed. G\u00e9n\u00e9ral-major \u00e0 la retraite : \u00abLes Palestiniens r\u00e9sistent aujourd\u2019hui gr\u00e2ce \u00e0 la guerre de 1973\u00bb"},"content":{"rendered":"<p><strong>Le g\u00e9n\u00e9ral-major \u00e0 la retraite Abdelaziz Medjahed est le directeur g\u00e9n\u00e9ral de l\u2019Institut national d\u2019\u00e9tudes de strat\u00e9gie globales (Inesg). Dans cet entretien, il relate la participation de l\u2019arm\u00e9e alg\u00e9rienne \u00e0 la guerre d\u2019octobre 1973. Lui-m\u00eame engag\u00e9 en Egypte avec les troupes alg\u00e9riennes, il revient sur certains d\u00e9tails de cet engagement.<\/strong><\/p>\n<blockquote>\n<h4>Entretien r\u00e9alis\u00e9 par Ryma Rouibi (*)<\/h4>\n<\/blockquote>\n<ul>\n<li><strong>L\u2019arm\u00e9e alg\u00e9rienne a particip\u00e9 \u00e0 la guerre d\u2019octobre 1973. Notre pays \u00e9tait-il pr\u00eat \u00e0 envoy\u00e9 ses troupes sur le front du Moyen-Orient ?<\/strong><\/li>\n<\/ul>\n<p>Pour parler de la participation de notre arm\u00e9e \u00e0 la guerre d\u2019octobre 1973, il faudrait d\u2019abord parler de pr\u00e9paration. Ici, je pr\u00e9f\u00e8re \u00e9voquer les \u00e9v\u00e9nements qui ont pr\u00e9c\u00e9d\u00e9 la guerre, quand la d\u00e9cision a \u00e9t\u00e9 prise juste apr\u00e8s la d\u00e9faite de juin 1967. Le pr\u00e9sident Houari Boumediene a d\u00e9clar\u00e9 que<i>\u00a0\u00abnous avons perdu une bataille et non une guerre, nous devons donc analyser pourquoi nous avons subi cette d\u00e9faite, car nous n\u2019avons pas mobilis\u00e9 tous nos moyens\u00bb<\/i>.<\/p>\n<p>Cette id\u00e9e ancr\u00e9e dans la vision du pr\u00e9sident Boumediene a \u00e9t\u00e9 \u00e0 l\u2019origine de plusieurs d\u00e9cisions prises par la suite. Notons tout d\u2019abord la mobilisation des \u00e9tudiants pendant 45\u00a0jours. Il faut rappeler que les \u00e9tudiants ont manifest\u00e9 devant la Pr\u00e9sidence pour avoir l\u2019autorisation de rejoindre le front au Moyen-Orient. Aussi, faut-il pr\u00e9ciser que cet appel \u00e0 partir au front a \u00e9t\u00e9 lanc\u00e9 par les \u00e9tudiants et les \u00e9tudiantes. Ce qui est in\u00e9dit, c\u2019est l\u2019appel des \u00e9tudiantes.<\/p>\n<p>Cela nous fait rappeler la mobilisation des femmes britanniques durant la Seconde Guerre mondiale, en conduisant les ambulances, c\u2019est \u00e0 peu pr\u00e8s la m\u00eame chose.\u00a0 Il y a \u00e9galement l\u2019id\u00e9e de la cr\u00e9ation des soci\u00e9t\u00e9s nationales, parce qu\u2019on va les retrouver en 1973. C\u2019est toute une architecture qui a \u00e9t\u00e9 mise en place afin de fournir les moyens de la logistique n\u00e9cessaire au transport des troupes.<\/p>\n<p>En juillet 1967, la SNTR (Soci\u00e9t\u00e9 nationale des transports) est cr\u00e9\u00e9e, la SNTV pour le transport des voyageurs suivra ainsi que la CNAN pour le transport maritime. Autrement dit, l\u2019Alg\u00e9rie a mis en place les outils de sa logistique pour pouvoir mobiliser les moyens n\u00e9cessaires le moment venu. D\u2019ailleurs, en octobre 1973, ce sont ces soci\u00e9t\u00e9s nationales qui ont facilit\u00e9 le transport des troupes et de l\u2019armement.<\/p>\n<p>Il y a eu \u00e9galement le Service national et la reconversion des unit\u00e9s et la cr\u00e9ation en 1970 de la 8e Brigade blind\u00e9e (la 8e BB). C\u2019\u00e9tait huit ann\u00e9es apr\u00e8s le recouvrement de la souverainet\u00e9 nationale. Elle a poursuivi ses entra\u00eenements avec une man\u0153uvre en 1972. D\u2019ailleurs, c\u2019est cette brigade qui a particip\u00e9 au d\u00e9fil\u00e9 du 5 juillet 1972, \u00e0 l\u2019occasion du 10e anniversaire de l\u2019ind\u00e9pendance. La 8e BB a continu\u00e9 ses entrainements jusqu\u2019en 1973.<\/p>\n<ul>\n<li><strong>Avez-vous rencontr\u00e9 le g\u00e9n\u00e9ral Saad Eddine Chazli ?<\/strong><\/li>\n<\/ul>\n<p>Le g\u00e9n\u00e9ral Saad Eddine Chazli est venu les 6 et 7 f\u00e9vrier 1973, pour voir l\u2019\u00e9tat des troupes. Par contre, en mars 1973, nous avons fait une grande man\u0153uvre \u00e0 laquelle a assist\u00e9 le pr\u00e9sident Houari Boumediene. A l\u2019issue de cette man\u0153uvre, le Pr\u00e9sident a d\u00e9clar\u00e9 :\u00a0<i>\u00abC\u2019est un progr\u00e8s\u00bb<\/i>, avant de se ressaisir en disant :\u00a0<i>\u00abC\u2019est un d\u00e9but de progr\u00e8s. Je m\u2019explique : vous avez choisi le th\u00e8me, vous avez choisi le terrain, vous avez fix\u00e9 la date. Le jour o\u00f9 vous ex\u00e9cuterez le m\u00eame exercice sur le th\u00e8me que j\u2019aurai arr\u00eat\u00e9 et une date que j\u2019aurai fix\u00e9e, l\u00e0, \u00e7a sera un progr\u00e8s.\u00bb<\/i>\u00a0Le pr\u00e9sident Boumediene a fait cette d\u00e9claration en pr\u00e9sence des membres du Conseil de la R\u00e9volution.<\/p>\n<ul>\n<li><strong>Comment avez-vous appris le d\u00e9but des hostilit\u00e9s au Moyen-Orient ?<\/strong><\/li>\n<\/ul>\n<p>Le samedi 6 octobre, en plein Ramadhan nous avons appris le d\u00e9but de la guerre au Moyen-Orient en fin de journ\u00e9e \u00e0 la t\u00e9l\u00e9 \u00e0 l\u2019heure de l\u2019iftar. Avant la fin de l\u2019iftar, nous avons re\u00e7u l\u2019alerte N\u00b01, c\u2019est-\u00e0-dire pr\u00e9parez-vous. Et c\u2019est \u00e0 ce moment-l\u00e0 que nous avons compris ce que voulait dire le pr\u00e9sident Boumediene sur\u00a0<i>\u00able th\u00e8me, la date et le terrain\u00bb<\/i>\u00a0qui ont \u00e9t\u00e9 bel et bien choisis. L\u2019Alg\u00e9rie a mobilis\u00e9 tous ses moyens : la SNTR pour le transport de la logistique, la SNTV pour le personnel, et la CNAN pour les chars.<\/p>\n<p>Une partie s\u2019est d\u00e9plac\u00e9e par route, et l\u2019autre par bateau. Et lorsque nous sommes arriv\u00e9s en Egypte, c\u2019\u00e9tait d\u00e9j\u00e0 le cessez-le-feu. Au camp de Huckstep, ils nous ont engag\u00e9s. Notre position \u00e9tait l\u2019axe Suez-Le Caire au Km 101, et notre unit\u00e9 \u00e9tait divis\u00e9e en deux. La mobilisation de l\u2019Alg\u00e9rie \u00e9tait telle, que m\u00eame les \u00e9tudiants en journalisme \u00e0 l\u2019universit\u00e9 du Caire ont \u00e9t\u00e9 envoy\u00e9s au front. Je cite comme exemple Mme Nouara Djaafar, ancienne ministre et membre du Conseil de la nation.<\/p>\n<p>Toute l\u2019Alg\u00e9rie \u00e9tait mobilis\u00e9e. Et l\u2019une des grandes le\u00e7ons tir\u00e9es de la d\u00e9faite de 1967, c\u2019\u00e9tait la cr\u00e9ation de la direction des armes de combat afin d\u2019\u00e9viter toute dispersion des efforts. C\u2019\u00e9tait d\u00e9j\u00e0 le concept d\u2019adhocratie qui \u00e9tait \u00e0 l\u2019\u0153uvre depuis 1970.<\/p>\n<p>Il ne faut pas oublier une chose, 1973 \u00e9tait un exploit pour l\u2019Alg\u00e9rie, car cela se produisait seulement onze ans apr\u00e8s le recouvrement de notre souverainet\u00e9 nationale. D\u2019ailleurs, d\u00e8s notre retour en juillet 1974 nous avons cr\u00e9\u00e9 un noyau pour former la 12e brigade motoris\u00e9e (la 12e BIM). La 8e BB est la m\u00e8re de toutes les brigades.<\/p>\n<ul>\n<li><strong>Sur le front, o\u00f9 \u00e9taient les Alg\u00e9riens ?<\/strong><\/li>\n<\/ul>\n<p>Nous \u00e9tions en premi\u00e8re ligne, et notre mission \u00e9tait de contenir les Isra\u00e9liens en attendant de passer \u00e0 l\u2019offensive avec les Egyptiens. Il y avait un plan pour passer \u00e0 l\u2019offensive mais il n\u2019a pas \u00e9t\u00e9 ex\u00e9cut\u00e9. Trois chefs se sont distingu\u00e9s, dont le commandant Belkacem Mazouzi qui commandait ses unit\u00e9s et les unit\u00e9s \u00e9gyptiennes, il accompagnait un commandant \u00e9gyptien pour indiquer au m\u00e8tre pr\u00e8s les positions. Le commandant \u00e9gyptien lui a dit\u00a0:\u00a0<i>\u00abC\u2019est la premi\u00e8re fois dans ma carri\u00e8re de militaire, qu\u2019un chef marche avec moi et m\u2019explique tout, d\u00e9tail par d\u00e9tail.\u00bb<\/i>\u00a0Et \u00e7a a \u00e9t\u00e9 rapport\u00e9 au haut commandement \u00e0 la troisi\u00e8me arm\u00e9e \u00e9gyptienne, ils ont dit :\u00a0<i>\u00abSi tous les officiers arabes \u00e9taient comme toi, Isra\u00ebl n\u2019aurait pas exist\u00e9.\u00bb<\/i><\/p>\n<p>Un des n\u00f4tres a men\u00e9 trois op\u00e9rations contre les Isra\u00e9liens et ramen\u00e9 m\u00eame des armes. Cela a arr\u00eat\u00e9 les n\u00e9gociations. Les Egyptiens nous ont reproch\u00e9 nos ripostes contre les Isra\u00e9liens, mais nous \u00e9tions fermes et nous leur avons expliqu\u00e9 que si les Isra\u00e9liens bougeaient, nous riposterions.<\/p>\n<p>Sur le front, j\u2019\u00e9tais charg\u00e9 de liaison avec les Egyptiens qui \u00e9taient tous des camarades de promotion. En 1967, il n\u2019y avait pas une d\u00e9faite, mais une d\u00e9route. Cette d\u00e9route \u00e9tait la synth\u00e8se d\u2019une mauvaise conduite politique \u00e9gyptienne. En juin 1967, l\u2019arm\u00e9e \u00e9gyptienne \u00e9tait dans une v\u00e9ritable d\u00e9bandade. Cela d\u00e9coule d\u2019une suite d\u2019\u00e9checs (fin de l\u2019union avec la Syrie, guerre au Y\u00e9men, etc.). Il y avait beaucoup de consid\u00e9rations subjectives, notamment la relation entre Nasser et Abdelhakim Ameur.<\/p>\n<ul>\n<li><strong>A quoi pensiez-vous en \u00e9tant au front ?<\/strong><\/li>\n<\/ul>\n<p>A l\u2019Alg\u00e9rie, l\u2019Alg\u00e9rie c\u2019est une responsabilit\u00e9 et pour la porter il faut des efforts, beaucoup d\u2019efforts. C\u2019est un lourd h\u00e9ritage, une v\u00e9ritable responsabilit\u00e9, quand on vous voit ils voient un peuple et un million et demi de martyrs, c\u2019\u00e9tait lourd, tr\u00e8s lourd.<\/p>\n<ul>\n<li><strong>50 ans apr\u00e8s la guerre, quelles le\u00e7ons avez-vous tir\u00e9es ?<\/strong><\/li>\n<\/ul>\n<p>La vie nous impose d\u2019\u00eatre s\u00e9rieux et savoir s\u2019organiser. A vrai dire, en d\u00e9pit du changement des moyens de la guerre, l\u2019humain reste au centre de toute d\u00e9cision. La libert\u00e9 a un prix, la dignit\u00e9 a un prix et nous sommes les h\u00e9ritiers d\u2019une histoire \u00e0 laquelle nous devons \u00eatre dignes. Etre Alg\u00e9rien est une lourde responsabilit\u00e9. Ceux qui disent que nous avons d\u00e9fendu des terres qui ne sont pas les n\u00f4tres oublient que nous appartenons \u00e0 une \u00e8re civilisationnelle, nous appartenons \u00e0 l\u2019Alg\u00e9rie, \u00e0 l\u2019Afrique, au Maghreb, et \u00e0 la civilisation humaine. \u00catre Alg\u00e9rien, \u00e7a se m\u00e9rite, c\u2019est une lourde responsabilit\u00e9. C\u2019est la r\u00e9ponse que je donne \u00e0 ces gens-l\u00e0.<\/p>\n<ul>\n<li><strong>Avec les vagues de normalisation, est-ce que \u00e7a ne remet pas en question tout cela ? En valait-elle la peine ?<\/strong><\/li>\n<\/ul>\n<p>Les Palestiniens r\u00e9sistent aujourd\u2019hui en Cisjordanie et ailleurs. S\u2019il n\u2019y avait pas eu 1973, il n\u2019aurait pas eu de r\u00e9sistance. Cette r\u00e9sistance repose sur deux piliers\u00a0: la foi et la conviction de d\u00e9fendre une cause juste. Aujourd\u2019hui, il faut se rappeler d\u2019autres images comme celles de Beyrouth 1982. Aujourd\u2019hui un enfant palestinien se met face \u00e0 un Isra\u00e9lien avec RPG, c\u2019est dans les g\u00e8nes, une r\u00e9sistance g\u00e9n\u00e9tique qui se transmet de g\u00e9n\u00e9ration en g\u00e9n\u00e9ration, c\u2019est h\u00e9r\u00e9ditaire. Il faut que justice soit faite, car s\u2019il y a injustice. Soyez s\u00fbr qu\u2019il y aura une r\u00e9action.<\/p>\n<ul>\n<li><strong>Est-ce que la participation alg\u00e9rienne \u00e0 la guerre de 1973 justifie l\u2019acharnement des Isra\u00e9liens sur les r\u00e9seaux sociaux ?<\/strong><\/li>\n<\/ul>\n<p>Cet acharnement est le fait bien \u00e9videmment de ceux qui sont hostiles \u00e0 l\u2019Alg\u00e9rie. La propagande isra\u00e9lienne tend \u00e0 gonfler l\u2019ego des Alg\u00e9riens pour montrer qu\u2019ils sont forts. Il ne faut pas baisser la garde. Nous n\u2019avons pas le droit d\u2019\u00eatre faibles. Nous ne voulons plus subir l\u2019histoire. Les Isra\u00e9liens, depuis 1973, ont compris que dans la r\u00e9gion un pays compte et a pour nom l\u2019Alg\u00e9rie. La force est notre unique choix. Aujourd\u2019hui, nous devons nous<br \/>\nrenforcer davantage.\u00a0<i><strong>R. R.<\/strong><\/i><\/p>\n<blockquote>\n<h4><i>(*) Journaliste et enseignante universitaire<\/i><\/h4>\n<\/blockquote>\n<p>Source : <a href=\"https:\/\/elwatan-dz.com\/abdelaziz-medjahed-general-major-a-la-retraite-les-palestiniens-resistent-aujourdhui-grace-a-la-guerre-de-1973\">https:\/\/elwatan-dz.com\/abdelaziz-medjahed-general-major-a-la-retraite-les-palestiniens-resistent-aujourdhui-grace-a-la-guerre-de-1973<\/a><\/p>\n","protected":false},"excerpt":{"rendered":"<p>Le g\u00e9n\u00e9ral-major \u00e0 la retraite Abdelaziz Medjahed est le directeur g\u00e9n\u00e9ral de l\u2019Institut national d\u2019\u00e9tudes de strat\u00e9gie globales (Inesg). Dans cet entretien,&hellip;<\/p>\n","protected":false},"author":50,"featured_media":90872,"comment_status":"open","ping_status":"closed","sticky":false,"template":"","format":"standard","meta":{"_lmt_disableupdate":"","_lmt_disable":"","footnotes":""},"categories":[39,49],"tags":[],"class_list":["post-90871","post","type-post","status-publish","format-standard","has-post-thumbnail","hentry","category-articles-en-vedette","category-politique"],"yoast_head":"<!-- This site is optimized with the Yoast SEO plugin v27.3 - https:\/\/yoast.com\/product\/yoast-seo-wordpress\/ -->\n<title>Abdelaziz Medjahed. G\u00e9n\u00e9ral-major \u00e0 la retraite : \u00abLes Palestiniens r\u00e9sistent aujourd\u2019hui gr\u00e2ce \u00e0 la guerre de 1973\u00bb - AAH.JZR<\/title>\n<meta name=\"robots\" content=\"index, follow, max-snippet:-1, max-image-preview:large, max-video-preview:-1\" \/>\n<link rel=\"canonical\" href=\"https:\/\/jazairhope.org\/fr\/abdelaziz-medjahed-general-major-a-la-retraite-les-palestiniens-resistent-aujourdhui-grace-a-la-guerre-de-1973\/\" \/>\n<meta property=\"og:locale\" content=\"fr_FR\" \/>\n<meta property=\"og:type\" content=\"article\" \/>\n<meta property=\"og:title\" content=\"Abdelaziz Medjahed. G\u00e9n\u00e9ral-major \u00e0 la retraite : \u00abLes Palestiniens r\u00e9sistent aujourd\u2019hui gr\u00e2ce \u00e0 la guerre de 1973\u00bb - AAH.JZR\" \/>\n<meta property=\"og:description\" content=\"Le g\u00e9n\u00e9ral-major \u00e0 la retraite Abdelaziz Medjahed est le directeur g\u00e9n\u00e9ral de l\u2019Institut national d\u2019\u00e9tudes de strat\u00e9gie globales (Inesg). Dans cet entretien,&hellip;\" \/>\n<meta property=\"og:url\" content=\"https:\/\/jazairhope.org\/fr\/abdelaziz-medjahed-general-major-a-la-retraite-les-palestiniens-resistent-aujourdhui-grace-a-la-guerre-de-1973\/\" \/>\n<meta property=\"og:site_name\" content=\"AAH.JZR\" \/>\n<meta property=\"article:publisher\" content=\"https:\/\/www.facebook.com\/jazairhope\" \/>\n<meta property=\"article:published_time\" content=\"2023-10-10T07:30:29+00:00\" \/>\n<meta property=\"og:image\" content=\"https:\/\/jazairhope.org\/wp-content\/uploads\/2023\/10\/JH-32.jpg\" \/>\n\t<meta property=\"og:image:width\" content=\"1397\" \/>\n\t<meta property=\"og:image:height\" content=\"889\" \/>\n\t<meta property=\"og:image:type\" content=\"image\/jpeg\" \/>\n<meta name=\"author\" content=\"Hope Jzr\" \/>\n<meta name=\"twitter:card\" content=\"summary_large_image\" \/>\n<meta name=\"twitter:label1\" content=\"\u00c9crit par\" \/>\n\t<meta name=\"twitter:data1\" content=\"Hope Jzr\" \/>\n\t<meta name=\"twitter:label2\" content=\"Dur\u00e9e de lecture estim\u00e9e\" \/>\n\t<meta name=\"twitter:data2\" content=\"7 minutes\" \/>\n<script type=\"application\/ld+json\" class=\"yoast-schema-graph\">{\"@context\":\"https:\\\/\\\/schema.org\",\"@graph\":[{\"@type\":\"Article\",\"@id\":\"https:\\\/\\\/jazairhope.org\\\/fr\\\/abdelaziz-medjahed-general-major-a-la-retraite-les-palestiniens-resistent-aujourdhui-grace-a-la-guerre-de-1973\\\/#article\",\"isPartOf\":{\"@id\":\"https:\\\/\\\/jazairhope.org\\\/fr\\\/abdelaziz-medjahed-general-major-a-la-retraite-les-palestiniens-resistent-aujourdhui-grace-a-la-guerre-de-1973\\\/\"},\"author\":{\"name\":\"Hope Jzr\",\"@id\":\"https:\\\/\\\/jazairhope.org\\\/fr\\\/#\\\/schema\\\/person\\\/0b50f60fad840cf92313307e38c9d20d\"},\"headline\":\"Abdelaziz Medjahed. G\u00e9n\u00e9ral-major \u00e0 la retraite : \u00abLes Palestiniens r\u00e9sistent aujourd\u2019hui gr\u00e2ce \u00e0 la guerre de 1973\u00bb\",\"datePublished\":\"2023-10-10T07:30:29+00:00\",\"mainEntityOfPage\":{\"@id\":\"https:\\\/\\\/jazairhope.org\\\/fr\\\/abdelaziz-medjahed-general-major-a-la-retraite-les-palestiniens-resistent-aujourdhui-grace-a-la-guerre-de-1973\\\/\"},\"wordCount\":1747,\"commentCount\":0,\"image\":{\"@id\":\"https:\\\/\\\/jazairhope.org\\\/fr\\\/abdelaziz-medjahed-general-major-a-la-retraite-les-palestiniens-resistent-aujourdhui-grace-a-la-guerre-de-1973\\\/#primaryimage\"},\"thumbnailUrl\":\"https:\\\/\\\/jazairhope.org\\\/wp-content\\\/uploads\\\/2023\\\/10\\\/JH-32.jpg\",\"articleSection\":[\"Articles en vedette\",\"Politique\"],\"inLanguage\":\"fr-FR\",\"potentialAction\":[{\"@type\":\"CommentAction\",\"name\":\"Comment\",\"target\":[\"https:\\\/\\\/jazairhope.org\\\/fr\\\/abdelaziz-medjahed-general-major-a-la-retraite-les-palestiniens-resistent-aujourdhui-grace-a-la-guerre-de-1973\\\/#respond\"]}]},{\"@type\":\"WebPage\",\"@id\":\"https:\\\/\\\/jazairhope.org\\\/fr\\\/abdelaziz-medjahed-general-major-a-la-retraite-les-palestiniens-resistent-aujourdhui-grace-a-la-guerre-de-1973\\\/\",\"url\":\"https:\\\/\\\/jazairhope.org\\\/fr\\\/abdelaziz-medjahed-general-major-a-la-retraite-les-palestiniens-resistent-aujourdhui-grace-a-la-guerre-de-1973\\\/\",\"name\":\"Abdelaziz Medjahed. G\u00e9n\u00e9ral-major \u00e0 la retraite : \u00abLes Palestiniens r\u00e9sistent aujourd\u2019hui gr\u00e2ce \u00e0 la guerre de 1973\u00bb - AAH.JZR\",\"isPartOf\":{\"@id\":\"https:\\\/\\\/jazairhope.org\\\/fr\\\/#website\"},\"primaryImageOfPage\":{\"@id\":\"https:\\\/\\\/jazairhope.org\\\/fr\\\/abdelaziz-medjahed-general-major-a-la-retraite-les-palestiniens-resistent-aujourdhui-grace-a-la-guerre-de-1973\\\/#primaryimage\"},\"image\":{\"@id\":\"https:\\\/\\\/jazairhope.org\\\/fr\\\/abdelaziz-medjahed-general-major-a-la-retraite-les-palestiniens-resistent-aujourdhui-grace-a-la-guerre-de-1973\\\/#primaryimage\"},\"thumbnailUrl\":\"https:\\\/\\\/jazairhope.org\\\/wp-content\\\/uploads\\\/2023\\\/10\\\/JH-32.jpg\",\"datePublished\":\"2023-10-10T07:30:29+00:00\",\"author\":{\"@id\":\"https:\\\/\\\/jazairhope.org\\\/fr\\\/#\\\/schema\\\/person\\\/0b50f60fad840cf92313307e38c9d20d\"},\"breadcrumb\":{\"@id\":\"https:\\\/\\\/jazairhope.org\\\/fr\\\/abdelaziz-medjahed-general-major-a-la-retraite-les-palestiniens-resistent-aujourdhui-grace-a-la-guerre-de-1973\\\/#breadcrumb\"},\"inLanguage\":\"fr-FR\",\"potentialAction\":[{\"@type\":\"ReadAction\",\"target\":[\"https:\\\/\\\/jazairhope.org\\\/fr\\\/abdelaziz-medjahed-general-major-a-la-retraite-les-palestiniens-resistent-aujourdhui-grace-a-la-guerre-de-1973\\\/\"]}]},{\"@type\":\"ImageObject\",\"inLanguage\":\"fr-FR\",\"@id\":\"https:\\\/\\\/jazairhope.org\\\/fr\\\/abdelaziz-medjahed-general-major-a-la-retraite-les-palestiniens-resistent-aujourdhui-grace-a-la-guerre-de-1973\\\/#primaryimage\",\"url\":\"https:\\\/\\\/jazairhope.org\\\/wp-content\\\/uploads\\\/2023\\\/10\\\/JH-32.jpg\",\"contentUrl\":\"https:\\\/\\\/jazairhope.org\\\/wp-content\\\/uploads\\\/2023\\\/10\\\/JH-32.jpg\",\"width\":1397,\"height\":889},{\"@type\":\"BreadcrumbList\",\"@id\":\"https:\\\/\\\/jazairhope.org\\\/fr\\\/abdelaziz-medjahed-general-major-a-la-retraite-les-palestiniens-resistent-aujourdhui-grace-a-la-guerre-de-1973\\\/#breadcrumb\",\"itemListElement\":[{\"@type\":\"ListItem\",\"position\":1,\"name\":\"Accueil\",\"item\":\"https:\\\/\\\/jazairhope.org\\\/fr\\\/\"},{\"@type\":\"ListItem\",\"position\":2,\"name\":\"Abdelaziz Medjahed. G\u00e9n\u00e9ral-major \u00e0 la retraite : \u00abLes Palestiniens r\u00e9sistent aujourd\u2019hui gr\u00e2ce \u00e0 la guerre de 1973\u00bb\"}]},{\"@type\":\"WebSite\",\"@id\":\"https:\\\/\\\/jazairhope.org\\\/fr\\\/#website\",\"url\":\"https:\\\/\\\/jazairhope.org\\\/fr\\\/\",\"name\":\"AAH.JZR\",\"description\":\"Environment, Health, Science, Art, Economics\",\"potentialAction\":[{\"@type\":\"SearchAction\",\"target\":{\"@type\":\"EntryPoint\",\"urlTemplate\":\"https:\\\/\\\/jazairhope.org\\\/fr\\\/?s={search_term_string}\"},\"query-input\":{\"@type\":\"PropertyValueSpecification\",\"valueRequired\":true,\"valueName\":\"search_term_string\"}}],\"inLanguage\":\"fr-FR\"},{\"@type\":\"Person\",\"@id\":\"https:\\\/\\\/jazairhope.org\\\/fr\\\/#\\\/schema\\\/person\\\/0b50f60fad840cf92313307e38c9d20d\",\"name\":\"Hope Jzr\",\"image\":{\"@type\":\"ImageObject\",\"inLanguage\":\"fr-FR\",\"@id\":\"https:\\\/\\\/secure.gravatar.com\\\/avatar\\\/0a42f66f14ba94b77f351f3bb2f3b9389c4063acb1697ffb32f5d3944782d3e7?s=96&d=mm&r=g\",\"url\":\"https:\\\/\\\/secure.gravatar.com\\\/avatar\\\/0a42f66f14ba94b77f351f3bb2f3b9389c4063acb1697ffb32f5d3944782d3e7?s=96&d=mm&r=g\",\"contentUrl\":\"https:\\\/\\\/secure.gravatar.com\\\/avatar\\\/0a42f66f14ba94b77f351f3bb2f3b9389c4063acb1697ffb32f5d3944782d3e7?s=96&d=mm&r=g\",\"caption\":\"Hope Jzr\"},\"description\":\"\u00c0 propos de Hope&amp;ChaDia Hope&amp;ChaDia n\u2019est pas un pseudonyme, mais une m\u00e9thode de travail. Hope : l\u2019id\u00e9e, l\u2019esprit, la structure, la vision. C\u2019est l\u2019impulsion humaine qui choisit l\u2019angle, trace la ligne \u00e9ditoriale et donne le sens. ChaDia : l\u2019assistante, qui met en forme, d\u00e9veloppe, affine le style et v\u00e9rifie les faits. Une aide technologique qui amplifie mais ne cr\u00e9e pas. Ensemble, Hope&amp;ChaDia produisent des textes hybrides : profond\u00e9ment humains dans leur inspiration, rigoureux et pr\u00e9cis dans leur r\u00e9alisation. . . SUPPORTEZ JAZAIRHOPE ET FAITES CONNA\u00ceTRE LE PATRIMOINE ET L\u2019HISTOIRE DE L\u2019ALG\u00c9RIE, EN ACHETANT LE LIVRE DE JAZAIRHOPE POUR VOUS OU POUR L\u2019OFFRIR A VOS PROCHES, ICI : https:\\\/\\\/jazairhope.org\\\/fr\\\/ebook\\\/ CEUX EN ALG\u00c9RIE ET CEUX QUI PEUVENT PAS L\u2019ACHETER ON OFFRE UNE COPIE DIGITALE GRATUITE, POUR CELA ENVOYEZ UN EMAIL \u00c0 : INFO@JAZAIRHOPE.ORG\",\"url\":\"https:\\\/\\\/jazairhope.org\\\/fr\\\/author\\\/hope-jazair\\\/\"}]}<\/script>\n<!-- \/ Yoast SEO plugin. -->","yoast_head_json":{"title":"Abdelaziz Medjahed. G\u00e9n\u00e9ral-major \u00e0 la retraite : \u00abLes Palestiniens r\u00e9sistent aujourd\u2019hui gr\u00e2ce \u00e0 la guerre de 1973\u00bb - AAH.JZR","robots":{"index":"index","follow":"follow","max-snippet":"max-snippet:-1","max-image-preview":"max-image-preview:large","max-video-preview":"max-video-preview:-1"},"canonical":"https:\/\/jazairhope.org\/fr\/abdelaziz-medjahed-general-major-a-la-retraite-les-palestiniens-resistent-aujourdhui-grace-a-la-guerre-de-1973\/","og_locale":"fr_FR","og_type":"article","og_title":"Abdelaziz Medjahed. G\u00e9n\u00e9ral-major \u00e0 la retraite : \u00abLes Palestiniens r\u00e9sistent aujourd\u2019hui gr\u00e2ce \u00e0 la guerre de 1973\u00bb - AAH.JZR","og_description":"Le g\u00e9n\u00e9ral-major \u00e0 la retraite Abdelaziz Medjahed est le directeur g\u00e9n\u00e9ral de l\u2019Institut national d\u2019\u00e9tudes de strat\u00e9gie globales (Inesg). Dans cet entretien,&hellip;","og_url":"https:\/\/jazairhope.org\/fr\/abdelaziz-medjahed-general-major-a-la-retraite-les-palestiniens-resistent-aujourdhui-grace-a-la-guerre-de-1973\/","og_site_name":"AAH.JZR","article_publisher":"https:\/\/www.facebook.com\/jazairhope","article_published_time":"2023-10-10T07:30:29+00:00","og_image":[{"width":1397,"height":889,"url":"https:\/\/jazairhope.org\/wp-content\/uploads\/2023\/10\/JH-32.jpg","type":"image\/jpeg"}],"author":"Hope Jzr","twitter_card":"summary_large_image","twitter_misc":{"\u00c9crit par":"Hope Jzr","Dur\u00e9e de lecture estim\u00e9e":"7 minutes"},"schema":{"@context":"https:\/\/schema.org","@graph":[{"@type":"Article","@id":"https:\/\/jazairhope.org\/fr\/abdelaziz-medjahed-general-major-a-la-retraite-les-palestiniens-resistent-aujourdhui-grace-a-la-guerre-de-1973\/#article","isPartOf":{"@id":"https:\/\/jazairhope.org\/fr\/abdelaziz-medjahed-general-major-a-la-retraite-les-palestiniens-resistent-aujourdhui-grace-a-la-guerre-de-1973\/"},"author":{"name":"Hope Jzr","@id":"https:\/\/jazairhope.org\/fr\/#\/schema\/person\/0b50f60fad840cf92313307e38c9d20d"},"headline":"Abdelaziz Medjahed. G\u00e9n\u00e9ral-major \u00e0 la retraite : \u00abLes Palestiniens r\u00e9sistent aujourd\u2019hui gr\u00e2ce \u00e0 la guerre de 1973\u00bb","datePublished":"2023-10-10T07:30:29+00:00","mainEntityOfPage":{"@id":"https:\/\/jazairhope.org\/fr\/abdelaziz-medjahed-general-major-a-la-retraite-les-palestiniens-resistent-aujourdhui-grace-a-la-guerre-de-1973\/"},"wordCount":1747,"commentCount":0,"image":{"@id":"https:\/\/jazairhope.org\/fr\/abdelaziz-medjahed-general-major-a-la-retraite-les-palestiniens-resistent-aujourdhui-grace-a-la-guerre-de-1973\/#primaryimage"},"thumbnailUrl":"https:\/\/jazairhope.org\/wp-content\/uploads\/2023\/10\/JH-32.jpg","articleSection":["Articles en vedette","Politique"],"inLanguage":"fr-FR","potentialAction":[{"@type":"CommentAction","name":"Comment","target":["https:\/\/jazairhope.org\/fr\/abdelaziz-medjahed-general-major-a-la-retraite-les-palestiniens-resistent-aujourdhui-grace-a-la-guerre-de-1973\/#respond"]}]},{"@type":"WebPage","@id":"https:\/\/jazairhope.org\/fr\/abdelaziz-medjahed-general-major-a-la-retraite-les-palestiniens-resistent-aujourdhui-grace-a-la-guerre-de-1973\/","url":"https:\/\/jazairhope.org\/fr\/abdelaziz-medjahed-general-major-a-la-retraite-les-palestiniens-resistent-aujourdhui-grace-a-la-guerre-de-1973\/","name":"Abdelaziz Medjahed. G\u00e9n\u00e9ral-major \u00e0 la retraite : \u00abLes Palestiniens r\u00e9sistent aujourd\u2019hui gr\u00e2ce \u00e0 la guerre de 1973\u00bb - AAH.JZR","isPartOf":{"@id":"https:\/\/jazairhope.org\/fr\/#website"},"primaryImageOfPage":{"@id":"https:\/\/jazairhope.org\/fr\/abdelaziz-medjahed-general-major-a-la-retraite-les-palestiniens-resistent-aujourdhui-grace-a-la-guerre-de-1973\/#primaryimage"},"image":{"@id":"https:\/\/jazairhope.org\/fr\/abdelaziz-medjahed-general-major-a-la-retraite-les-palestiniens-resistent-aujourdhui-grace-a-la-guerre-de-1973\/#primaryimage"},"thumbnailUrl":"https:\/\/jazairhope.org\/wp-content\/uploads\/2023\/10\/JH-32.jpg","datePublished":"2023-10-10T07:30:29+00:00","author":{"@id":"https:\/\/jazairhope.org\/fr\/#\/schema\/person\/0b50f60fad840cf92313307e38c9d20d"},"breadcrumb":{"@id":"https:\/\/jazairhope.org\/fr\/abdelaziz-medjahed-general-major-a-la-retraite-les-palestiniens-resistent-aujourdhui-grace-a-la-guerre-de-1973\/#breadcrumb"},"inLanguage":"fr-FR","potentialAction":[{"@type":"ReadAction","target":["https:\/\/jazairhope.org\/fr\/abdelaziz-medjahed-general-major-a-la-retraite-les-palestiniens-resistent-aujourdhui-grace-a-la-guerre-de-1973\/"]}]},{"@type":"ImageObject","inLanguage":"fr-FR","@id":"https:\/\/jazairhope.org\/fr\/abdelaziz-medjahed-general-major-a-la-retraite-les-palestiniens-resistent-aujourdhui-grace-a-la-guerre-de-1973\/#primaryimage","url":"https:\/\/jazairhope.org\/wp-content\/uploads\/2023\/10\/JH-32.jpg","contentUrl":"https:\/\/jazairhope.org\/wp-content\/uploads\/2023\/10\/JH-32.jpg","width":1397,"height":889},{"@type":"BreadcrumbList","@id":"https:\/\/jazairhope.org\/fr\/abdelaziz-medjahed-general-major-a-la-retraite-les-palestiniens-resistent-aujourdhui-grace-a-la-guerre-de-1973\/#breadcrumb","itemListElement":[{"@type":"ListItem","position":1,"name":"Accueil","item":"https:\/\/jazairhope.org\/fr\/"},{"@type":"ListItem","position":2,"name":"Abdelaziz Medjahed. G\u00e9n\u00e9ral-major \u00e0 la retraite : \u00abLes Palestiniens r\u00e9sistent aujourd\u2019hui gr\u00e2ce \u00e0 la guerre de 1973\u00bb"}]},{"@type":"WebSite","@id":"https:\/\/jazairhope.org\/fr\/#website","url":"https:\/\/jazairhope.org\/fr\/","name":"AAH.JZR","description":"Environment, Health, Science, Art, Economics","potentialAction":[{"@type":"SearchAction","target":{"@type":"EntryPoint","urlTemplate":"https:\/\/jazairhope.org\/fr\/?s={search_term_string}"},"query-input":{"@type":"PropertyValueSpecification","valueRequired":true,"valueName":"search_term_string"}}],"inLanguage":"fr-FR"},{"@type":"Person","@id":"https:\/\/jazairhope.org\/fr\/#\/schema\/person\/0b50f60fad840cf92313307e38c9d20d","name":"Hope Jzr","image":{"@type":"ImageObject","inLanguage":"fr-FR","@id":"https:\/\/secure.gravatar.com\/avatar\/0a42f66f14ba94b77f351f3bb2f3b9389c4063acb1697ffb32f5d3944782d3e7?s=96&d=mm&r=g","url":"https:\/\/secure.gravatar.com\/avatar\/0a42f66f14ba94b77f351f3bb2f3b9389c4063acb1697ffb32f5d3944782d3e7?s=96&d=mm&r=g","contentUrl":"https:\/\/secure.gravatar.com\/avatar\/0a42f66f14ba94b77f351f3bb2f3b9389c4063acb1697ffb32f5d3944782d3e7?s=96&d=mm&r=g","caption":"Hope Jzr"},"description":"\u00c0 propos de Hope&amp;ChaDia Hope&amp;ChaDia n\u2019est pas un pseudonyme, mais une m\u00e9thode de travail. Hope : l\u2019id\u00e9e, l\u2019esprit, la structure, la vision. C\u2019est l\u2019impulsion humaine qui choisit l\u2019angle, trace la ligne \u00e9ditoriale et donne le sens. ChaDia : l\u2019assistante, qui met en forme, d\u00e9veloppe, affine le style et v\u00e9rifie les faits. Une aide technologique qui amplifie mais ne cr\u00e9e pas. Ensemble, Hope&amp;ChaDia produisent des textes hybrides : profond\u00e9ment humains dans leur inspiration, rigoureux et pr\u00e9cis dans leur r\u00e9alisation. . . SUPPORTEZ JAZAIRHOPE ET FAITES CONNA\u00ceTRE LE PATRIMOINE ET L\u2019HISTOIRE DE L\u2019ALG\u00c9RIE, EN ACHETANT LE LIVRE DE JAZAIRHOPE POUR VOUS OU POUR L\u2019OFFRIR A VOS PROCHES, ICI : https:\/\/jazairhope.org\/fr\/ebook\/ CEUX EN ALG\u00c9RIE ET CEUX QUI PEUVENT PAS L\u2019ACHETER ON OFFRE UNE COPIE DIGITALE GRATUITE, POUR CELA ENVOYEZ UN EMAIL \u00c0 : INFO@JAZAIRHOPE.ORG","url":"https:\/\/jazairhope.org\/fr\/author\/hope-jazair\/"}]}},"views":262,"_links":{"self":[{"href":"https:\/\/jazairhope.org\/fr\/wp-json\/wp\/v2\/posts\/90871","targetHints":{"allow":["GET"]}}],"collection":[{"href":"https:\/\/jazairhope.org\/fr\/wp-json\/wp\/v2\/posts"}],"about":[{"href":"https:\/\/jazairhope.org\/fr\/wp-json\/wp\/v2\/types\/post"}],"author":[{"embeddable":true,"href":"https:\/\/jazairhope.org\/fr\/wp-json\/wp\/v2\/users\/50"}],"replies":[{"embeddable":true,"href":"https:\/\/jazairhope.org\/fr\/wp-json\/wp\/v2\/comments?post=90871"}],"version-history":[{"count":1,"href":"https:\/\/jazairhope.org\/fr\/wp-json\/wp\/v2\/posts\/90871\/revisions"}],"predecessor-version":[{"id":90875,"href":"https:\/\/jazairhope.org\/fr\/wp-json\/wp\/v2\/posts\/90871\/revisions\/90875"}],"wp:featuredmedia":[{"embeddable":true,"href":"https:\/\/jazairhope.org\/fr\/wp-json\/wp\/v2\/media\/90872"}],"wp:attachment":[{"href":"https:\/\/jazairhope.org\/fr\/wp-json\/wp\/v2\/media?parent=90871"}],"wp:term":[{"taxonomy":"category","embeddable":true,"href":"https:\/\/jazairhope.org\/fr\/wp-json\/wp\/v2\/categories?post=90871"},{"taxonomy":"post_tag","embeddable":true,"href":"https:\/\/jazairhope.org\/fr\/wp-json\/wp\/v2\/tags?post=90871"}],"curies":[{"name":"wp","href":"https:\/\/api.w.org\/{rel}","templated":true}]}}