{"id":91371,"date":"2023-10-15T22:46:04","date_gmt":"2023-10-15T21:46:04","guid":{"rendered":"https:\/\/jazairhope.org\/?p=91371"},"modified":"2023-10-15T23:32:44","modified_gmt":"2023-10-15T22:32:44","slug":"des-etrangers-occupent-la-palestine-et-refusent-aux-palestiniens-le-droit-de-vivre-dans-leur-patrie","status":"publish","type":"post","link":"https:\/\/jazairhope.org\/fr\/des-etrangers-occupent-la-palestine-et-refusent-aux-palestiniens-le-droit-de-vivre-dans-leur-patrie\/","title":{"rendered":"Des \u00e9trangers occupent la Palestine et refusent aux Palestiniens le droit de vivre dans leur patrie"},"content":{"rendered":"<h6><img decoding=\"async\" class=\"alignleft\" src=\"https:\/\/jazairhope.org\/wp-content\/uploads\/2022\/05\/Capture-16-300x297.png\" width=\"95\" height=\"94\" \/>Par <a href=\"https:\/\/www.facebook.com\/hassen.kacimi.1\">Mr Hassen Kacimi<\/a><\/h6>\n<p>Shimone P\u00e8res, ancien premier ministre et pr\u00e9sident de l&#8217;entit\u00e9 sioniste est entr\u00e9 en Palestine, avant 1947, comme un \u00e9tranger, avec un visa.<\/p>\n<p>&nbsp;<\/p>\n<p>&nbsp;<\/p>\n<p><img decoding=\"async\" class=\"size-medium wp-image-91384 alignleft\" src=\"https:\/\/jazairhope.org\/wp-content\/uploads\/2023\/10\/JH-55-300x144.jpg\" alt=\"\" width=\"300\" height=\"144\" srcset=\"https:\/\/jazairhope.org\/wp-content\/uploads\/2023\/10\/JH-55-300x144.jpg 300w, https:\/\/jazairhope.org\/wp-content\/uploads\/2023\/10\/JH-55-585x281.jpg 585w, https:\/\/jazairhope.org\/wp-content\/uploads\/2023\/10\/JH-55.jpg 603w\" sizes=\"(max-width: 300px) 100vw, 300px\" \/><\/p>\n<p>Voil\u00e0 des preuves irr\u00e9fragables de l&#8217;occupation de la Palestine par des forces \u00e9trang\u00e8res que les lobbys sionistes tenteront par tous les moyens de faire disparaitre.<\/p>\n<p>&nbsp;<\/p>\n<p>&nbsp;<\/p>\n<p>&nbsp;<\/p>\n<p>&nbsp;<\/p>\n<p><img fetchpriority=\"high\" decoding=\"async\" class=\"size-medium wp-image-91376 alignleft\" src=\"https:\/\/jazairhope.org\/wp-content\/uploads\/2023\/10\/jh-220x300.jpeg\" alt=\"\" width=\"220\" height=\"300\" srcset=\"https:\/\/jazairhope.org\/wp-content\/uploads\/2023\/10\/jh-220x300.jpeg 220w, https:\/\/jazairhope.org\/wp-content\/uploads\/2023\/10\/jh.jpeg 576w\" sizes=\"(max-width: 220px) 100vw, 220px\" \/>Un \u00e9tranger \u00e0 la Palestine, comme P\u00e8res ou Natanyahou, ont chass\u00e9 des milliers de palestiniens de leurs maisons et de leur terre.<\/p>\n<p>Quand les juifs, n\u00e9s ailleurs, un peu partout dans le monde, avec des origines occidentales, arriv\u00e9s en Palestine, le pays n&#8217;\u00e9tait pas vide, il y&#8217;avait une population originelle Palestinienne qui vivait sur ces terres, depuis des mill\u00e9naires.<\/p>\n<p>Un autres sc\u00e9nario macabre se r\u00e9p\u00e8te \u00e0 Ghaza pour vider, avec le soutien criminel du Pr\u00e9sident Biden, avec des bombes au phosphore blanc et des bombes \u00e0 grappes, largu\u00e9es contre les populations palestiniennes de Ghaza.<\/p>\n<p>N&#8217;est ce pas la un autre progrome devant faire disparaitre toute une population ?<\/p>\n<p>Sans aucun doute, nous sommes dans un sc\u00e9nario plus tragique que les crimes de guerre ou les crimes contre l&#8217;humanit\u00e9.<\/p>\n<p>Le sionisme international cherche une solution finale pour faire disparaitre tout un peuple, comme cela a \u00e9t\u00e9 fait par les Am\u00e9ricains au peuple Indien.<\/p>\n<p>L&#8217;id\u00e9ologie nazie occidentale revient en force et impose une dictature \u00e0 tous les niveaux, bien exprim\u00e9e par Enrico Macias, un ancien criminel, milicien de l&#8217;OAS, \u00e0 Constantine, a appel\u00e9, derni\u00e8rement, sur un plateau de t\u00e9l\u00e9vision de Cnews, transform\u00e9, pour la circonstance, en conseil de guerre du sionisme international, \u00e0 d\u00e9gommer physiquement, c&#8217;est dire assassiner tout ceux qui ne condamnent pas Hamas.<\/p>\n<p>Un autre acteur juif, Benjamin Castaldi, a exprim\u00e9 cette dictature sioniste, en disant qu&#8217;il pr\u00e9f\u00e8re se taire, sinon il ne remettra plus les pieds \u00e0 la t\u00e9l\u00e9vision.<\/p>\n<p>Ils sont nombreux ces intellectuels occidentaux qui ont os\u00e9 casser l&#8217;embargo sioniste, en condamnant ouvertement l&#8217;entit\u00e9 sioniste, mais qui ont \u00e9t\u00e9 bannis du champ audiovisuel.<\/p>\n<p>C&#8217;est ainsi que plus vous soutenez l&#8217;entit\u00e9 sioniste et vous affirmez votre cruaut\u00e9, votre hargne et votre m\u00e9chancet\u00e9 contre l&#8217;islam et la Palestine, que toutes les portes des radios et des t\u00e9l\u00e9visions occidentales vous sont ouvertes, avec des promotions bien r\u00e9mun\u00e9r\u00e9es.<\/p>\n<p>Hamas est un mouvement de r\u00e9sistance contre une occupation coloniale sioniste et occidentale. Cela est un fait historique que personne ne peut nier.<\/p>\n<p>Arafat a aussi toujours \u00e9t\u00e9 pr\u00e9sent\u00e9 comme un terroriste, pour justifier un processus ill\u00e9gal de colonisation de la Palestine.<\/p>\n<p>Arafat a \u00e9t\u00e9 empoisonn\u00e9 par Sharon, pour le faire taire \u00e0 jamais, mais le g\u00e8ne de la r\u00e9sistance est dans le sang de tous les Palestiniens que la sixi\u00e8me o\u00f9 la septi\u00e8me flotte am\u00e9ricaine ne pourront pas vaincre.<\/p>\n<p>La seule posture accept\u00e9e par le sionisme international est la soumission inconditionnelle au nettoyage ethnique des palestiniens qui s&#8217;est concr\u00e9tis\u00e9e par les accords de Camp David, d&#8217;Oslo et d&#8217;Abraham, devant faire de la normalisation l&#8217;unique solution politique, pour nier l&#8217;existence de l&#8217;Etat Palestinien, aux fronti\u00e8res de 1947, avec pour capitale \u00e9ternelle J\u00e9rusalem.<\/p>\n<p>Le sionisme a frapp\u00e9 fort au sein de l&#8217;Union Europ\u00e9enne, qui s&#8217;est empress\u00e9e de publier une d\u00e9claration \u00e0 caract\u00e8re colonial et oppressif, reconnaissant le droit de l&#8217;entit\u00e9 sioniste \u00e0 se d\u00e9fendre, pour ne pas dire \u00e0 tuer, effa\u00e7ant d&#8217;un revers de la main toutes les r\u00e9solutions du conseil de s\u00e9curit\u00e9 et du tribunal international, en faveur du peuple Palestinien.<\/p>\n<p>Comme \u00e0 son accoutum\u00e9e et sans surprise, l&#8217;Union Europ\u00e9enne r\u00e9cidive maladroitement,en refusant aux Palestiniens le droit \u00e0 la r\u00e9sistance contre une force \u00e9trang\u00e8re sioniste d&#8217;occupation coloniale.<\/p>\n<p>Voil\u00e0 la substance de l&#8217;id\u00e9ologie sioniste qui vous refuse le droit \u00e0 la vie, le droit \u00e0 l&#8217;existence et le droit de d\u00e9fendre votre patrie.<\/p>\n<p>Le sionisme vous d\u00e9nit aussi le droit d&#8217;avoir un avis divergeant, pour pouvoir occuper seul le terrain, passer en force, pr\u00e9senter la victime comme un terroriste et inversement transformer le bourreau en victime.<\/p>\n<p>C&#8217;est cette th\u00e9orie faschiste, nazie et raciste qui fait dire aux sionistes que tous les Palestiniens sont des terroristes qui doivent \u00eatre \u00e9limin\u00e9s.<\/p>\n<p>Voil\u00e0 l&#8217;image hideuse d&#8217;un terrorisme sioniste international, en France et ailleurs, qui avertit les journalistes et la classe politique Fran\u00e7aise que celui qui est contre le sionisme &#8221;sera d\u00e9gomm\u00e9 physiquement&#8221; dixit Enrico Macias.<\/p>\n<p>Il est connu que le TPI, un tribunal occidental colonial de l&#8217;injustice, ne jugera jamais ces criminels de guerre.<\/p>\n<p>C&#8217;est pourquoi, il est vivement recommand\u00e9 aux BRICS d&#8217;instituer, rapidement, un tribunal p\u00e9nal international, ind\u00e9pendant, pour traduire en justice ces bourreaux sionistes qui b\u00e9n\u00e9ficient d&#8217;une impunit\u00e9, leur faisant croire que cette immunit\u00e9 fastice tire sa force de l&#8217;injustice et non du droit, les mettant, momentan\u00e9ment,\u00a0 \u00e0 l&#8217;abri du ch\u00e2timent de la justice internationale.<\/p>\n<div dir=\"auto\">\n<h6 tabindex=\"-1\" data-thread-perm-id=\"thread-f:1679747815238234137\" data-legacy-thread-id=\"174fa9bcff837019\"><\/h6>\n<h6 id=\":qj\" class=\"hP\" tabindex=\"-1\" data-thread-perm-id=\"thread-f:1679747815238234137\" data-legacy-thread-id=\"174fa9bcff837019\"><strong>Biographie M. <a href=\"https:\/\/www.facebook.com\/hassen.kacimi.1\">Hassen Kacimi<\/a> :<\/strong><\/h6>\n<div dir=\"ltr\">\n<p><img loading=\"lazy\" decoding=\"async\" class=\"wp-image-52647 alignright\" src=\"https:\/\/jazairhope.org\/wp-content\/uploads\/2022\/05\/Capture-16-300x297.png\" alt=\"\" width=\"166\" height=\"164\" srcset=\"https:\/\/jazairhope.org\/wp-content\/uploads\/2022\/05\/Capture-16-300x297.png 300w, https:\/\/jazairhope.org\/wp-content\/uploads\/2022\/05\/Capture-16.png 330w\" sizes=\"(max-width: 166px) 100vw, 166px\" \/><\/p>\n<ul>\n<li aria-level=\"1\">Chef de bureau minist\u00e8re des transports- 1978 -1980<\/li>\n<li aria-level=\"1\">Charg\u00e9 de mission wilaya Tamanrasset, 1980 &#8211; 1984 .<\/li>\n<li aria-level=\"1\">1984 &#8211; 1998 &#8211; directeur administration territoriale<\/li>\n<li aria-level=\"1\">Sous directeur de la circulation des personnes, ministere de l\u2019inte\u0301rieur , 1998- 2008.<\/li>\n<li aria-level=\"1\">Directeur ministe\u0300re de l\u2019inte\u0301rieur, 2008 &#8211; premier trimestre 2020.<\/li>\n<li style=\"font-weight: 400;\" aria-level=\"1\">Pre\u0301sident du comite\u0301 interministe\u0301riel , charge\u0301 de l\u2019e\u0301tude et du suivi des proble\u0301matiques migratoires ( 2015 &#8211; premier trimestre 2020)<\/li>\n<li style=\"font-weight: 400;\" aria-level=\"1\">Gestion des crises au sein du centre op\u00e9rationnel ( 2015 &#8211; premier trimestre 2020)<\/li>\n<li>Repr\u00e9sentation de l&#8217;Alg\u00e9rie , \u00e0 l\u2019\u00e9tranger , en tant qu\u2019expert.<\/li>\n<li style=\"font-weight: 400;\" aria-level=\"1\"><span style=\"font-weight: 400;\">Expert international des flux migratoires, reconnu par des organisations onusiennes. <\/span><span style=\"font-weight: 400;\">Expert du Sahel et de la gestion des crises .<\/span><\/li>\n<li><span style=\"font-weight: 400;\">Plusieurs communications, \u00e0 l\u2019universit\u00e9 de sciences politiques et l\u2019\u00e9cole des sciences politiques, ainsi qu&#8217;<\/span><span style=\"font-weight: 400;\">\u00e0\u00a0 l\u2019\u00e9cole de guerre de Tamentfoust et l\u2019institut des \u00e9tudes strat\u00e9giques globales ( INESG )<\/span><\/li>\n<li><span style=\"font-weight: 400;\">Distinction de l\u2019institut f\u00e9d\u00e9ral allemand des hautes \u00e9tudes de s\u00e9curit\u00e9 .<\/span><\/li>\n<\/ul>\n<\/div>\n<\/div>\n","protected":false},"excerpt":{"rendered":"<p>Par Mr Hassen Kacimi Shimone P\u00e8res, ancien premier ministre et pr\u00e9sident de l&#8217;entit\u00e9 sioniste est entr\u00e9 en Palestine, avant 1947, comme un&hellip;<\/p>\n","protected":false},"author":50,"featured_media":91394,"comment_status":"open","ping_status":"open","sticky":false,"template":"","format":"standard","meta":{"_lmt_disableupdate":"","_lmt_disable":"","footnotes":""},"categories":[39,49],"tags":[],"class_list":["post-91371","post","type-post","status-publish","format-standard","has-post-thumbnail","hentry","category-articles-en-vedette","category-politique"],"yoast_head":"<!-- This site is optimized with the Yoast SEO plugin v27.3 - https:\/\/yoast.com\/product\/yoast-seo-wordpress\/ -->\n<title>Des \u00e9trangers occupent la Palestine et refusent aux Palestiniens le droit de vivre dans leur patrie - AAH.JZR<\/title>\n<meta name=\"robots\" content=\"index, follow, max-snippet:-1, max-image-preview:large, max-video-preview:-1\" \/>\n<link rel=\"canonical\" href=\"https:\/\/jazairhope.org\/fr\/des-etrangers-occupent-la-palestine-et-refusent-aux-palestiniens-le-droit-de-vivre-dans-leur-patrie\/\" \/>\n<meta property=\"og:locale\" content=\"fr_FR\" \/>\n<meta property=\"og:type\" content=\"article\" \/>\n<meta property=\"og:title\" content=\"Des \u00e9trangers occupent la Palestine et refusent aux Palestiniens le droit de vivre dans leur patrie - AAH.JZR\" \/>\n<meta property=\"og:description\" content=\"Par Mr Hassen Kacimi Shimone P\u00e8res, ancien premier ministre et pr\u00e9sident de l&#8217;entit\u00e9 sioniste est entr\u00e9 en Palestine, avant 1947, comme un&hellip;\" \/>\n<meta property=\"og:url\" content=\"https:\/\/jazairhope.org\/fr\/des-etrangers-occupent-la-palestine-et-refusent-aux-palestiniens-le-droit-de-vivre-dans-leur-patrie\/\" \/>\n<meta property=\"og:site_name\" content=\"AAH.JZR\" \/>\n<meta property=\"article:publisher\" content=\"https:\/\/www.facebook.com\/jazairhope\" \/>\n<meta property=\"article:published_time\" content=\"2023-10-15T21:46:04+00:00\" \/>\n<meta property=\"article:modified_time\" content=\"2023-10-15T22:32:44+00:00\" \/>\n<meta property=\"og:image\" content=\"https:\/\/jazairhope.org\/wp-content\/uploads\/2023\/10\/IMG_20231015_230208.jpg\" \/>\n\t<meta property=\"og:image:width\" content=\"291\" \/>\n\t<meta property=\"og:image:height\" content=\"261\" \/>\n\t<meta property=\"og:image:type\" content=\"image\/jpeg\" \/>\n<meta name=\"author\" content=\"Hope Jzr\" \/>\n<meta name=\"twitter:card\" content=\"summary_large_image\" \/>\n<meta name=\"twitter:label1\" content=\"\u00c9crit par\" \/>\n\t<meta name=\"twitter:data1\" content=\"Hope Jzr\" \/>\n\t<meta name=\"twitter:label2\" content=\"Dur\u00e9e de lecture estim\u00e9e\" \/>\n\t<meta name=\"twitter:data2\" content=\"5 minutes\" \/>\n<script type=\"application\/ld+json\" class=\"yoast-schema-graph\">{\"@context\":\"https:\\\/\\\/schema.org\",\"@graph\":[{\"@type\":\"Article\",\"@id\":\"https:\\\/\\\/jazairhope.org\\\/fr\\\/des-etrangers-occupent-la-palestine-et-refusent-aux-palestiniens-le-droit-de-vivre-dans-leur-patrie\\\/#article\",\"isPartOf\":{\"@id\":\"https:\\\/\\\/jazairhope.org\\\/fr\\\/des-etrangers-occupent-la-palestine-et-refusent-aux-palestiniens-le-droit-de-vivre-dans-leur-patrie\\\/\"},\"author\":{\"name\":\"Hope Jzr\",\"@id\":\"https:\\\/\\\/jazairhope.org\\\/fr\\\/#\\\/schema\\\/person\\\/0b50f60fad840cf92313307e38c9d20d\"},\"headline\":\"Des \u00e9trangers occupent la Palestine et refusent aux Palestiniens le droit de vivre dans leur patrie\",\"datePublished\":\"2023-10-15T21:46:04+00:00\",\"dateModified\":\"2023-10-15T22:32:44+00:00\",\"mainEntityOfPage\":{\"@id\":\"https:\\\/\\\/jazairhope.org\\\/fr\\\/des-etrangers-occupent-la-palestine-et-refusent-aux-palestiniens-le-droit-de-vivre-dans-leur-patrie\\\/\"},\"wordCount\":1028,\"commentCount\":0,\"image\":{\"@id\":\"https:\\\/\\\/jazairhope.org\\\/fr\\\/des-etrangers-occupent-la-palestine-et-refusent-aux-palestiniens-le-droit-de-vivre-dans-leur-patrie\\\/#primaryimage\"},\"thumbnailUrl\":\"https:\\\/\\\/jazairhope.org\\\/wp-content\\\/uploads\\\/2023\\\/10\\\/IMG_20231015_230208.jpg\",\"articleSection\":[\"Articles en vedette\",\"Politique\"],\"inLanguage\":\"fr-FR\",\"potentialAction\":[{\"@type\":\"CommentAction\",\"name\":\"Comment\",\"target\":[\"https:\\\/\\\/jazairhope.org\\\/fr\\\/des-etrangers-occupent-la-palestine-et-refusent-aux-palestiniens-le-droit-de-vivre-dans-leur-patrie\\\/#respond\"]}]},{\"@type\":\"WebPage\",\"@id\":\"https:\\\/\\\/jazairhope.org\\\/fr\\\/des-etrangers-occupent-la-palestine-et-refusent-aux-palestiniens-le-droit-de-vivre-dans-leur-patrie\\\/\",\"url\":\"https:\\\/\\\/jazairhope.org\\\/fr\\\/des-etrangers-occupent-la-palestine-et-refusent-aux-palestiniens-le-droit-de-vivre-dans-leur-patrie\\\/\",\"name\":\"Des \u00e9trangers occupent la Palestine et refusent aux Palestiniens le droit de vivre dans leur patrie - AAH.JZR\",\"isPartOf\":{\"@id\":\"https:\\\/\\\/jazairhope.org\\\/fr\\\/#website\"},\"primaryImageOfPage\":{\"@id\":\"https:\\\/\\\/jazairhope.org\\\/fr\\\/des-etrangers-occupent-la-palestine-et-refusent-aux-palestiniens-le-droit-de-vivre-dans-leur-patrie\\\/#primaryimage\"},\"image\":{\"@id\":\"https:\\\/\\\/jazairhope.org\\\/fr\\\/des-etrangers-occupent-la-palestine-et-refusent-aux-palestiniens-le-droit-de-vivre-dans-leur-patrie\\\/#primaryimage\"},\"thumbnailUrl\":\"https:\\\/\\\/jazairhope.org\\\/wp-content\\\/uploads\\\/2023\\\/10\\\/IMG_20231015_230208.jpg\",\"datePublished\":\"2023-10-15T21:46:04+00:00\",\"dateModified\":\"2023-10-15T22:32:44+00:00\",\"author\":{\"@id\":\"https:\\\/\\\/jazairhope.org\\\/fr\\\/#\\\/schema\\\/person\\\/0b50f60fad840cf92313307e38c9d20d\"},\"breadcrumb\":{\"@id\":\"https:\\\/\\\/jazairhope.org\\\/fr\\\/des-etrangers-occupent-la-palestine-et-refusent-aux-palestiniens-le-droit-de-vivre-dans-leur-patrie\\\/#breadcrumb\"},\"inLanguage\":\"fr-FR\",\"potentialAction\":[{\"@type\":\"ReadAction\",\"target\":[\"https:\\\/\\\/jazairhope.org\\\/fr\\\/des-etrangers-occupent-la-palestine-et-refusent-aux-palestiniens-le-droit-de-vivre-dans-leur-patrie\\\/\"]}]},{\"@type\":\"ImageObject\",\"inLanguage\":\"fr-FR\",\"@id\":\"https:\\\/\\\/jazairhope.org\\\/fr\\\/des-etrangers-occupent-la-palestine-et-refusent-aux-palestiniens-le-droit-de-vivre-dans-leur-patrie\\\/#primaryimage\",\"url\":\"https:\\\/\\\/jazairhope.org\\\/wp-content\\\/uploads\\\/2023\\\/10\\\/IMG_20231015_230208.jpg\",\"contentUrl\":\"https:\\\/\\\/jazairhope.org\\\/wp-content\\\/uploads\\\/2023\\\/10\\\/IMG_20231015_230208.jpg\",\"width\":291,\"height\":261},{\"@type\":\"BreadcrumbList\",\"@id\":\"https:\\\/\\\/jazairhope.org\\\/fr\\\/des-etrangers-occupent-la-palestine-et-refusent-aux-palestiniens-le-droit-de-vivre-dans-leur-patrie\\\/#breadcrumb\",\"itemListElement\":[{\"@type\":\"ListItem\",\"position\":1,\"name\":\"Accueil\",\"item\":\"https:\\\/\\\/jazairhope.org\\\/fr\\\/\"},{\"@type\":\"ListItem\",\"position\":2,\"name\":\"Des \u00e9trangers occupent la Palestine et refusent aux Palestiniens le droit de vivre dans leur patrie\"}]},{\"@type\":\"WebSite\",\"@id\":\"https:\\\/\\\/jazairhope.org\\\/fr\\\/#website\",\"url\":\"https:\\\/\\\/jazairhope.org\\\/fr\\\/\",\"name\":\"AAH.JZR\",\"description\":\"Environment, Health, Science, Art, Economics\",\"potentialAction\":[{\"@type\":\"SearchAction\",\"target\":{\"@type\":\"EntryPoint\",\"urlTemplate\":\"https:\\\/\\\/jazairhope.org\\\/fr\\\/?s={search_term_string}\"},\"query-input\":{\"@type\":\"PropertyValueSpecification\",\"valueRequired\":true,\"valueName\":\"search_term_string\"}}],\"inLanguage\":\"fr-FR\"},{\"@type\":\"Person\",\"@id\":\"https:\\\/\\\/jazairhope.org\\\/fr\\\/#\\\/schema\\\/person\\\/0b50f60fad840cf92313307e38c9d20d\",\"name\":\"Hope Jzr\",\"image\":{\"@type\":\"ImageObject\",\"inLanguage\":\"fr-FR\",\"@id\":\"https:\\\/\\\/secure.gravatar.com\\\/avatar\\\/0a42f66f14ba94b77f351f3bb2f3b9389c4063acb1697ffb32f5d3944782d3e7?s=96&d=mm&r=g\",\"url\":\"https:\\\/\\\/secure.gravatar.com\\\/avatar\\\/0a42f66f14ba94b77f351f3bb2f3b9389c4063acb1697ffb32f5d3944782d3e7?s=96&d=mm&r=g\",\"contentUrl\":\"https:\\\/\\\/secure.gravatar.com\\\/avatar\\\/0a42f66f14ba94b77f351f3bb2f3b9389c4063acb1697ffb32f5d3944782d3e7?s=96&d=mm&r=g\",\"caption\":\"Hope Jzr\"},\"description\":\"\u00c0 propos de Hope&amp;ChaDia Hope&amp;ChaDia n\u2019est pas un pseudonyme, mais une m\u00e9thode de travail. Hope : l\u2019id\u00e9e, l\u2019esprit, la structure, la vision. C\u2019est l\u2019impulsion humaine qui choisit l\u2019angle, trace la ligne \u00e9ditoriale et donne le sens. ChaDia : l\u2019assistante, qui met en forme, d\u00e9veloppe, affine le style et v\u00e9rifie les faits. Une aide technologique qui amplifie mais ne cr\u00e9e pas. Ensemble, Hope&amp;ChaDia produisent des textes hybrides : profond\u00e9ment humains dans leur inspiration, rigoureux et pr\u00e9cis dans leur r\u00e9alisation. . . SUPPORTEZ JAZAIRHOPE ET FAITES CONNA\u00ceTRE LE PATRIMOINE ET L\u2019HISTOIRE DE L\u2019ALG\u00c9RIE, EN ACHETANT LE LIVRE DE JAZAIRHOPE POUR VOUS OU POUR L\u2019OFFRIR A VOS PROCHES, ICI : https:\\\/\\\/jazairhope.org\\\/fr\\\/ebook\\\/ CEUX EN ALG\u00c9RIE ET CEUX QUI PEUVENT PAS L\u2019ACHETER ON OFFRE UNE COPIE DIGITALE GRATUITE, POUR CELA ENVOYEZ UN EMAIL \u00c0 : INFO@JAZAIRHOPE.ORG\",\"url\":\"https:\\\/\\\/jazairhope.org\\\/fr\\\/author\\\/hope-jazair\\\/\"}]}<\/script>\n<!-- \/ Yoast SEO plugin. -->","yoast_head_json":{"title":"Des \u00e9trangers occupent la Palestine et refusent aux Palestiniens le droit de vivre dans leur patrie - AAH.JZR","robots":{"index":"index","follow":"follow","max-snippet":"max-snippet:-1","max-image-preview":"max-image-preview:large","max-video-preview":"max-video-preview:-1"},"canonical":"https:\/\/jazairhope.org\/fr\/des-etrangers-occupent-la-palestine-et-refusent-aux-palestiniens-le-droit-de-vivre-dans-leur-patrie\/","og_locale":"fr_FR","og_type":"article","og_title":"Des \u00e9trangers occupent la Palestine et refusent aux Palestiniens le droit de vivre dans leur patrie - AAH.JZR","og_description":"Par Mr Hassen Kacimi Shimone P\u00e8res, ancien premier ministre et pr\u00e9sident de l&#8217;entit\u00e9 sioniste est entr\u00e9 en Palestine, avant 1947, comme un&hellip;","og_url":"https:\/\/jazairhope.org\/fr\/des-etrangers-occupent-la-palestine-et-refusent-aux-palestiniens-le-droit-de-vivre-dans-leur-patrie\/","og_site_name":"AAH.JZR","article_publisher":"https:\/\/www.facebook.com\/jazairhope","article_published_time":"2023-10-15T21:46:04+00:00","article_modified_time":"2023-10-15T22:32:44+00:00","og_image":[{"width":291,"height":261,"url":"https:\/\/jazairhope.org\/wp-content\/uploads\/2023\/10\/IMG_20231015_230208.jpg","type":"image\/jpeg"}],"author":"Hope Jzr","twitter_card":"summary_large_image","twitter_misc":{"\u00c9crit par":"Hope Jzr","Dur\u00e9e de lecture estim\u00e9e":"5 minutes"},"schema":{"@context":"https:\/\/schema.org","@graph":[{"@type":"Article","@id":"https:\/\/jazairhope.org\/fr\/des-etrangers-occupent-la-palestine-et-refusent-aux-palestiniens-le-droit-de-vivre-dans-leur-patrie\/#article","isPartOf":{"@id":"https:\/\/jazairhope.org\/fr\/des-etrangers-occupent-la-palestine-et-refusent-aux-palestiniens-le-droit-de-vivre-dans-leur-patrie\/"},"author":{"name":"Hope Jzr","@id":"https:\/\/jazairhope.org\/fr\/#\/schema\/person\/0b50f60fad840cf92313307e38c9d20d"},"headline":"Des \u00e9trangers occupent la Palestine et refusent aux Palestiniens le droit de vivre dans leur patrie","datePublished":"2023-10-15T21:46:04+00:00","dateModified":"2023-10-15T22:32:44+00:00","mainEntityOfPage":{"@id":"https:\/\/jazairhope.org\/fr\/des-etrangers-occupent-la-palestine-et-refusent-aux-palestiniens-le-droit-de-vivre-dans-leur-patrie\/"},"wordCount":1028,"commentCount":0,"image":{"@id":"https:\/\/jazairhope.org\/fr\/des-etrangers-occupent-la-palestine-et-refusent-aux-palestiniens-le-droit-de-vivre-dans-leur-patrie\/#primaryimage"},"thumbnailUrl":"https:\/\/jazairhope.org\/wp-content\/uploads\/2023\/10\/IMG_20231015_230208.jpg","articleSection":["Articles en vedette","Politique"],"inLanguage":"fr-FR","potentialAction":[{"@type":"CommentAction","name":"Comment","target":["https:\/\/jazairhope.org\/fr\/des-etrangers-occupent-la-palestine-et-refusent-aux-palestiniens-le-droit-de-vivre-dans-leur-patrie\/#respond"]}]},{"@type":"WebPage","@id":"https:\/\/jazairhope.org\/fr\/des-etrangers-occupent-la-palestine-et-refusent-aux-palestiniens-le-droit-de-vivre-dans-leur-patrie\/","url":"https:\/\/jazairhope.org\/fr\/des-etrangers-occupent-la-palestine-et-refusent-aux-palestiniens-le-droit-de-vivre-dans-leur-patrie\/","name":"Des \u00e9trangers occupent la Palestine et refusent aux Palestiniens le droit de vivre dans leur patrie - AAH.JZR","isPartOf":{"@id":"https:\/\/jazairhope.org\/fr\/#website"},"primaryImageOfPage":{"@id":"https:\/\/jazairhope.org\/fr\/des-etrangers-occupent-la-palestine-et-refusent-aux-palestiniens-le-droit-de-vivre-dans-leur-patrie\/#primaryimage"},"image":{"@id":"https:\/\/jazairhope.org\/fr\/des-etrangers-occupent-la-palestine-et-refusent-aux-palestiniens-le-droit-de-vivre-dans-leur-patrie\/#primaryimage"},"thumbnailUrl":"https:\/\/jazairhope.org\/wp-content\/uploads\/2023\/10\/IMG_20231015_230208.jpg","datePublished":"2023-10-15T21:46:04+00:00","dateModified":"2023-10-15T22:32:44+00:00","author":{"@id":"https:\/\/jazairhope.org\/fr\/#\/schema\/person\/0b50f60fad840cf92313307e38c9d20d"},"breadcrumb":{"@id":"https:\/\/jazairhope.org\/fr\/des-etrangers-occupent-la-palestine-et-refusent-aux-palestiniens-le-droit-de-vivre-dans-leur-patrie\/#breadcrumb"},"inLanguage":"fr-FR","potentialAction":[{"@type":"ReadAction","target":["https:\/\/jazairhope.org\/fr\/des-etrangers-occupent-la-palestine-et-refusent-aux-palestiniens-le-droit-de-vivre-dans-leur-patrie\/"]}]},{"@type":"ImageObject","inLanguage":"fr-FR","@id":"https:\/\/jazairhope.org\/fr\/des-etrangers-occupent-la-palestine-et-refusent-aux-palestiniens-le-droit-de-vivre-dans-leur-patrie\/#primaryimage","url":"https:\/\/jazairhope.org\/wp-content\/uploads\/2023\/10\/IMG_20231015_230208.jpg","contentUrl":"https:\/\/jazairhope.org\/wp-content\/uploads\/2023\/10\/IMG_20231015_230208.jpg","width":291,"height":261},{"@type":"BreadcrumbList","@id":"https:\/\/jazairhope.org\/fr\/des-etrangers-occupent-la-palestine-et-refusent-aux-palestiniens-le-droit-de-vivre-dans-leur-patrie\/#breadcrumb","itemListElement":[{"@type":"ListItem","position":1,"name":"Accueil","item":"https:\/\/jazairhope.org\/fr\/"},{"@type":"ListItem","position":2,"name":"Des \u00e9trangers occupent la Palestine et refusent aux Palestiniens le droit de vivre dans leur patrie"}]},{"@type":"WebSite","@id":"https:\/\/jazairhope.org\/fr\/#website","url":"https:\/\/jazairhope.org\/fr\/","name":"AAH.JZR","description":"Environment, Health, Science, Art, Economics","potentialAction":[{"@type":"SearchAction","target":{"@type":"EntryPoint","urlTemplate":"https:\/\/jazairhope.org\/fr\/?s={search_term_string}"},"query-input":{"@type":"PropertyValueSpecification","valueRequired":true,"valueName":"search_term_string"}}],"inLanguage":"fr-FR"},{"@type":"Person","@id":"https:\/\/jazairhope.org\/fr\/#\/schema\/person\/0b50f60fad840cf92313307e38c9d20d","name":"Hope Jzr","image":{"@type":"ImageObject","inLanguage":"fr-FR","@id":"https:\/\/secure.gravatar.com\/avatar\/0a42f66f14ba94b77f351f3bb2f3b9389c4063acb1697ffb32f5d3944782d3e7?s=96&d=mm&r=g","url":"https:\/\/secure.gravatar.com\/avatar\/0a42f66f14ba94b77f351f3bb2f3b9389c4063acb1697ffb32f5d3944782d3e7?s=96&d=mm&r=g","contentUrl":"https:\/\/secure.gravatar.com\/avatar\/0a42f66f14ba94b77f351f3bb2f3b9389c4063acb1697ffb32f5d3944782d3e7?s=96&d=mm&r=g","caption":"Hope Jzr"},"description":"\u00c0 propos de Hope&amp;ChaDia Hope&amp;ChaDia n\u2019est pas un pseudonyme, mais une m\u00e9thode de travail. Hope : l\u2019id\u00e9e, l\u2019esprit, la structure, la vision. C\u2019est l\u2019impulsion humaine qui choisit l\u2019angle, trace la ligne \u00e9ditoriale et donne le sens. ChaDia : l\u2019assistante, qui met en forme, d\u00e9veloppe, affine le style et v\u00e9rifie les faits. Une aide technologique qui amplifie mais ne cr\u00e9e pas. Ensemble, Hope&amp;ChaDia produisent des textes hybrides : profond\u00e9ment humains dans leur inspiration, rigoureux et pr\u00e9cis dans leur r\u00e9alisation. . . SUPPORTEZ JAZAIRHOPE ET FAITES CONNA\u00ceTRE LE PATRIMOINE ET L\u2019HISTOIRE DE L\u2019ALG\u00c9RIE, EN ACHETANT LE LIVRE DE JAZAIRHOPE POUR VOUS OU POUR L\u2019OFFRIR A VOS PROCHES, ICI : https:\/\/jazairhope.org\/fr\/ebook\/ CEUX EN ALG\u00c9RIE ET CEUX QUI PEUVENT PAS L\u2019ACHETER ON OFFRE UNE COPIE DIGITALE GRATUITE, POUR CELA ENVOYEZ UN EMAIL \u00c0 : INFO@JAZAIRHOPE.ORG","url":"https:\/\/jazairhope.org\/fr\/author\/hope-jazair\/"}]}},"views":489,"_links":{"self":[{"href":"https:\/\/jazairhope.org\/fr\/wp-json\/wp\/v2\/posts\/91371","targetHints":{"allow":["GET"]}}],"collection":[{"href":"https:\/\/jazairhope.org\/fr\/wp-json\/wp\/v2\/posts"}],"about":[{"href":"https:\/\/jazairhope.org\/fr\/wp-json\/wp\/v2\/types\/post"}],"author":[{"embeddable":true,"href":"https:\/\/jazairhope.org\/fr\/wp-json\/wp\/v2\/users\/50"}],"replies":[{"embeddable":true,"href":"https:\/\/jazairhope.org\/fr\/wp-json\/wp\/v2\/comments?post=91371"}],"version-history":[{"count":4,"href":"https:\/\/jazairhope.org\/fr\/wp-json\/wp\/v2\/posts\/91371\/revisions"}],"predecessor-version":[{"id":91397,"href":"https:\/\/jazairhope.org\/fr\/wp-json\/wp\/v2\/posts\/91371\/revisions\/91397"}],"wp:featuredmedia":[{"embeddable":true,"href":"https:\/\/jazairhope.org\/fr\/wp-json\/wp\/v2\/media\/91394"}],"wp:attachment":[{"href":"https:\/\/jazairhope.org\/fr\/wp-json\/wp\/v2\/media?parent=91371"}],"wp:term":[{"taxonomy":"category","embeddable":true,"href":"https:\/\/jazairhope.org\/fr\/wp-json\/wp\/v2\/categories?post=91371"},{"taxonomy":"post_tag","embeddable":true,"href":"https:\/\/jazairhope.org\/fr\/wp-json\/wp\/v2\/tags?post=91371"}],"curies":[{"name":"wp","href":"https:\/\/api.w.org\/{rel}","templated":true}]}}