{"id":91843,"date":"2023-10-19T11:28:57","date_gmt":"2023-10-19T10:28:57","guid":{"rendered":"https:\/\/jazairhope.org\/?p=91843"},"modified":"2023-10-19T11:28:57","modified_gmt":"2023-10-19T10:28:57","slug":"lamerique-et-leurope-sous-occupation-des-lobbys-sionistes","status":"publish","type":"post","link":"https:\/\/jazairhope.org\/fr\/lamerique-et-leurope-sous-occupation-des-lobbys-sionistes\/","title":{"rendered":"L&#8217;Amerique et l&#8217;Europe sous occupation des lobbys sionistes."},"content":{"rendered":"<h6><img decoding=\"async\" class=\"alignleft\" src=\"https:\/\/jazairhope.org\/wp-content\/uploads\/2022\/05\/Capture-16-300x297.png\" width=\"95\" height=\"94\" \/>Par <a href=\"https:\/\/www.facebook.com\/hassen.kacimi.1\">Mr Hassen Kacimi<\/a><\/h6>\n<div class=\"x11i5rnm xat24cr x1mh8g0r x1vvkbs xtlvy1s x126k92a\">\n<div dir=\"auto\">L&#8217;UE et l&#8217;Amerique sont sous occupation des lobbys sionistes. Personne n&#8217;ose le dire et pourtant c&#8217;est la triste r\u00e9alit\u00e9. Les peuples Europ\u00e9ens et Am\u00e9ricains sont victimes de l&#8217;oppression sioniste.<\/div>\n<\/div>\n<div class=\"x11i5rnm xat24cr x1mh8g0r x1vvkbs xtlvy1s x126k92a\">\n<div dir=\"auto\">Il est temps de d\u00e9coloniser ces pays qui subissent une dictature de l&#8217;information o\u00f9 seuls les sionistes ont le droit de parler \u00e0 la radio ou \u00e0 la t\u00e9l\u00e9vision.<\/div>\n<\/div>\n<div class=\"x11i5rnm xat24cr x1mh8g0r x1vvkbs xtlvy1s x126k92a\">\n<div dir=\"auto\"><\/div>\n<div dir=\"auto\">D&#8217;ailleurs, sur les plateaux de t\u00e9l\u00e9visions, c&#8217;est de v\u00e9ritables conseils de guerre qui crachent, en boucle, sur les Palestiniens et les musulmans.<\/div>\n<\/div>\n<div class=\"x11i5rnm xat24cr x1mh8g0r x1vvkbs xtlvy1s x126k92a\">\n<div dir=\"auto\">En faisant cela, ils crachent royalement sur les fran\u00e7ais, en leur fermant la porte des radios et des t\u00e9l\u00e9visions.<\/div>\n<\/div>\n<div class=\"x11i5rnm xat24cr x1mh8g0r x1vvkbs xtlvy1s x126k92a\">\n<div dir=\"auto\">Benjamin Castaldi a fait, r\u00e9cemment, une d\u00e9claration, \u00e9difiante, au sujet du g\u00e9nocide de Ghaza, en disant ceci:<\/div>\n<\/div>\n<div class=\"x11i5rnm xat24cr x1mh8g0r x1vvkbs xtlvy1s x126k92a\">\n<div dir=\"auto\">&#8221; je pr\u00e9f\u00e8re me taire au sujet de Ghaza, parceque si je parle, je ne remettrai plus les pieds \u00e0 la t\u00e9l\u00e9vision.<\/div>\n<\/div>\n<div class=\"x11i5rnm xat24cr x1mh8g0r x1vvkbs xtlvy1s x126k92a\">\n<div dir=\"auto\">Dans le m\u00eame ordre d&#8217;id\u00e9e, Enrico Macias \u00e0 appel\u00e9 au meurtre sur la t\u00e9l\u00e9vision Cnews, en disant que celui qui ne condamne pas Hamas sera d\u00e9gomm\u00e9 physiquement.<\/div>\n<\/div>\n<div class=\"x11i5rnm xat24cr x1mh8g0r x1vvkbs xtlvy1s x126k92a\">\n<div dir=\"auto\">Enrico est connu en Alg\u00e9rie, durant la r\u00e9volution, pour avoir milit\u00e9 activement au sein des milices de l&#8217;OAS, \u00e0 Constantine.<\/div>\n<\/div>\n<div class=\"x11i5rnm xat24cr x1mh8g0r x1vvkbs xtlvy1s x126k92a\">\n<div dir=\"auto\">On n&#8217;est pas surpris de voir qu&#8217;il continue de pratiquer,en France, son premier m\u00e9tier de terroriste.<\/div>\n<\/div>\n<div class=\"x11i5rnm xat24cr x1mh8g0r x1vvkbs xtlvy1s x126k92a\">\n<div dir=\"auto\">C&#8217;est pour ces raisons qu&#8217;Enrico ne remettra plus les pieds en Alg\u00e9rie.<\/div>\n<\/div>\n<div class=\"x11i5rnm xat24cr x1mh8g0r x1vvkbs xtlvy1s x126k92a\">\n<div dir=\"auto\">On nous vante les m\u00e9rites de la d\u00e9mocratie et de la libert\u00e9 d&#8217;expression occidentale, mais la r\u00e9alit\u00e9 est toute autre.<\/div>\n<\/div>\n<div class=\"x11i5rnm xat24cr x1mh8g0r x1vvkbs xtlvy1s x126k92a\">\n<div dir=\"auto\">L&#8217;Amerique et l&#8217;Europe, c&#8217;est la Cor\u00e9e du Nord, en mati\u00e8re de communication.<\/div>\n<\/div>\n<div class=\"x11i5rnm xat24cr x1mh8g0r x1vvkbs xtlvy1s x126k92a\">\n<div dir=\"auto\">Les intellectuels et les politiques Europ\u00e9ens sont terroris\u00e9s par ces lobbys sionistes qui pratiquent la pers\u00e9cution et le terrorisme de masse de l&#8217;information.<\/div>\n<\/div>\n<div class=\"x11i5rnm xat24cr x1mh8g0r x1vvkbs xtlvy1s x126k92a\">\n<div dir=\"auto\">Combien d&#8217;intellectuels, hommes politiques, hommes de science, artistes et sportifs, ont \u00e9t\u00e9 blaclistt\u00e9s par ces lobbys maffieux qui tiennent en lesse le monde entier.<\/div>\n<\/div>\n<div class=\"x11i5rnm xat24cr x1mh8g0r x1vvkbs xtlvy1s x126k92a\">\n<div dir=\"auto\">Tous les prix Nobels, ballons d&#8217;or ou autres distinctions occidentales sont tamis\u00e9s par le filtre de la soumission aux lobbys sionistes.<\/div>\n<\/div>\n<div class=\"x11i5rnm xat24cr x1mh8g0r x1vvkbs xtlvy1s x126k92a\">\n<div dir=\"auto\">Le Tribunal P\u00e9nal International se terre et il affiche un silence coupable et assourdissant.<\/div>\n<\/div>\n<div class=\"x11i5rnm xat24cr x1mh8g0r x1vvkbs xtlvy1s x126k92a\">\n<div dir=\"auto\">Photos de milliers d&#8217;enfants Palestiniens assassin\u00e9s par les bombes de l&#8217;arm\u00e9e terroriste sioniste.<\/div>\n<\/div>\n<div dir=\"auto\">\n<h6 tabindex=\"-1\" data-thread-perm-id=\"thread-f:1679747815238234137\" data-legacy-thread-id=\"174fa9bcff837019\"><\/h6>\n<h6 id=\":qj\" class=\"hP\" tabindex=\"-1\" data-thread-perm-id=\"thread-f:1679747815238234137\" data-legacy-thread-id=\"174fa9bcff837019\"><strong>Biographie M. <a href=\"https:\/\/www.facebook.com\/hassen.kacimi.1\">Hassen Kacimi<\/a> :<\/strong><\/h6>\n<div dir=\"ltr\">\n<p><img decoding=\"async\" class=\"wp-image-52647 alignright\" src=\"https:\/\/jazairhope.org\/wp-content\/uploads\/2022\/05\/Capture-16-300x297.png\" alt=\"\" width=\"166\" height=\"164\" srcset=\"https:\/\/jazairhope.org\/wp-content\/uploads\/2022\/05\/Capture-16-300x297.png 300w, https:\/\/jazairhope.org\/wp-content\/uploads\/2022\/05\/Capture-16.png 330w\" sizes=\"(max-width: 166px) 100vw, 166px\" \/><\/p>\n<ul>\n<li aria-level=\"1\">Chef de bureau minist\u00e8re des transports- 1978 -1980<\/li>\n<li aria-level=\"1\">Charg\u00e9 de mission wilaya Tamanrasset, 1980 &#8211; 1984 .<\/li>\n<li aria-level=\"1\">1984 &#8211; 1998 &#8211; directeur administration territoriale<\/li>\n<li aria-level=\"1\">Sous directeur de la circulation des personnes, ministere de l\u2019inte\u0301rieur , 1998- 2008.<\/li>\n<li aria-level=\"1\">Directeur ministe\u0300re de l\u2019inte\u0301rieur, 2008 &#8211; premier trimestre 2020.<\/li>\n<li style=\"font-weight: 400;\" aria-level=\"1\">Pre\u0301sident du comite\u0301 interministe\u0301riel , charge\u0301 de l\u2019e\u0301tude et du suivi des proble\u0301matiques migratoires ( 2015 &#8211; premier trimestre 2020)<\/li>\n<li style=\"font-weight: 400;\" aria-level=\"1\">Gestion des crises au sein du centre op\u00e9rationnel ( 2015 &#8211; premier trimestre 2020)<\/li>\n<li>Repr\u00e9sentation de l&#8217;Alg\u00e9rie , \u00e0 l\u2019\u00e9tranger , en tant qu\u2019expert.<\/li>\n<li style=\"font-weight: 400;\" aria-level=\"1\"><span style=\"font-weight: 400;\">Expert international des flux migratoires, reconnu par des organisations onusiennes. <\/span><span style=\"font-weight: 400;\">Expert du Sahel et de la gestion des crises .<\/span><\/li>\n<li><span style=\"font-weight: 400;\">Plusieurs communications, \u00e0 l\u2019universit\u00e9 de sciences politiques et l\u2019\u00e9cole des sciences politiques, ainsi qu&#8217;<\/span><span style=\"font-weight: 400;\">\u00e0\u00a0 l\u2019\u00e9cole de guerre de Tamentfoust et l\u2019institut des \u00e9tudes strat\u00e9giques globales ( INESG )<\/span><\/li>\n<li><span style=\"font-weight: 400;\">Distinction de l\u2019institut f\u00e9d\u00e9ral allemand des hautes \u00e9tudes de s\u00e9curit\u00e9 .<\/span><\/li>\n<\/ul>\n<\/div>\n<\/div>\n","protected":false},"excerpt":{"rendered":"<p>Par Mr Hassen Kacimi L&#8217;UE et l&#8217;Amerique sont sous occupation des lobbys sionistes. Personne n&#8217;ose le dire et pourtant c&#8217;est la triste&hellip;<\/p>\n","protected":false},"author":50,"featured_media":91844,"comment_status":"open","ping_status":"open","sticky":false,"template":"","format":"standard","meta":{"_lmt_disableupdate":"","_lmt_disable":"","footnotes":""},"categories":[39,49],"tags":[],"class_list":["post-91843","post","type-post","status-publish","format-standard","has-post-thumbnail","hentry","category-articles-en-vedette","category-politique"],"yoast_head":"<!-- This site is optimized with the Yoast SEO plugin v27.3 - https:\/\/yoast.com\/product\/yoast-seo-wordpress\/ -->\n<title>L&#039;Amerique et l&#039;Europe sous occupation des lobbys sionistes. - AAH.JZR<\/title>\n<meta name=\"robots\" content=\"index, follow, max-snippet:-1, max-image-preview:large, max-video-preview:-1\" \/>\n<link rel=\"canonical\" href=\"https:\/\/jazairhope.org\/fr\/lamerique-et-leurope-sous-occupation-des-lobbys-sionistes\/\" \/>\n<meta property=\"og:locale\" content=\"fr_FR\" \/>\n<meta property=\"og:type\" content=\"article\" \/>\n<meta property=\"og:title\" content=\"L&#039;Amerique et l&#039;Europe sous occupation des lobbys sionistes. - AAH.JZR\" \/>\n<meta property=\"og:description\" content=\"Par Mr Hassen Kacimi L&#8217;UE et l&#8217;Amerique sont sous occupation des lobbys sionistes. Personne n&#8217;ose le dire et pourtant c&#8217;est la triste&hellip;\" \/>\n<meta property=\"og:url\" content=\"https:\/\/jazairhope.org\/fr\/lamerique-et-leurope-sous-occupation-des-lobbys-sionistes\/\" \/>\n<meta property=\"og:site_name\" content=\"AAH.JZR\" \/>\n<meta property=\"article:publisher\" content=\"https:\/\/www.facebook.com\/jazairhope\" \/>\n<meta property=\"article:published_time\" content=\"2023-10-19T10:28:57+00:00\" \/>\n<meta property=\"og:image\" content=\"https:\/\/jazairhope.org\/wp-content\/uploads\/2023\/10\/jh-63.jpg\" \/>\n\t<meta property=\"og:image:width\" content=\"565\" \/>\n\t<meta property=\"og:image:height\" content=\"451\" \/>\n\t<meta property=\"og:image:type\" content=\"image\/jpeg\" \/>\n<meta name=\"author\" content=\"Hope Jzr\" \/>\n<meta name=\"twitter:card\" content=\"summary_large_image\" \/>\n<meta name=\"twitter:label1\" content=\"\u00c9crit par\" \/>\n\t<meta name=\"twitter:data1\" content=\"Hope Jzr\" \/>\n\t<meta name=\"twitter:label2\" content=\"Dur\u00e9e de lecture estim\u00e9e\" \/>\n\t<meta name=\"twitter:data2\" content=\"3 minutes\" \/>\n<script type=\"application\/ld+json\" class=\"yoast-schema-graph\">{\"@context\":\"https:\\\/\\\/schema.org\",\"@graph\":[{\"@type\":\"Article\",\"@id\":\"https:\\\/\\\/jazairhope.org\\\/fr\\\/lamerique-et-leurope-sous-occupation-des-lobbys-sionistes\\\/#article\",\"isPartOf\":{\"@id\":\"https:\\\/\\\/jazairhope.org\\\/fr\\\/lamerique-et-leurope-sous-occupation-des-lobbys-sionistes\\\/\"},\"author\":{\"name\":\"Hope Jzr\",\"@id\":\"https:\\\/\\\/jazairhope.org\\\/fr\\\/#\\\/schema\\\/person\\\/0b50f60fad840cf92313307e38c9d20d\"},\"headline\":\"L&#8217;Amerique et l&#8217;Europe sous occupation des lobbys sionistes.\",\"datePublished\":\"2023-10-19T10:28:57+00:00\",\"mainEntityOfPage\":{\"@id\":\"https:\\\/\\\/jazairhope.org\\\/fr\\\/lamerique-et-leurope-sous-occupation-des-lobbys-sionistes\\\/\"},\"wordCount\":567,\"commentCount\":0,\"image\":{\"@id\":\"https:\\\/\\\/jazairhope.org\\\/fr\\\/lamerique-et-leurope-sous-occupation-des-lobbys-sionistes\\\/#primaryimage\"},\"thumbnailUrl\":\"https:\\\/\\\/jazairhope.org\\\/wp-content\\\/uploads\\\/2023\\\/10\\\/jh-63.jpg\",\"articleSection\":[\"Articles en vedette\",\"Politique\"],\"inLanguage\":\"fr-FR\",\"potentialAction\":[{\"@type\":\"CommentAction\",\"name\":\"Comment\",\"target\":[\"https:\\\/\\\/jazairhope.org\\\/fr\\\/lamerique-et-leurope-sous-occupation-des-lobbys-sionistes\\\/#respond\"]}]},{\"@type\":\"WebPage\",\"@id\":\"https:\\\/\\\/jazairhope.org\\\/fr\\\/lamerique-et-leurope-sous-occupation-des-lobbys-sionistes\\\/\",\"url\":\"https:\\\/\\\/jazairhope.org\\\/fr\\\/lamerique-et-leurope-sous-occupation-des-lobbys-sionistes\\\/\",\"name\":\"L'Amerique et l'Europe sous occupation des lobbys sionistes. - AAH.JZR\",\"isPartOf\":{\"@id\":\"https:\\\/\\\/jazairhope.org\\\/fr\\\/#website\"},\"primaryImageOfPage\":{\"@id\":\"https:\\\/\\\/jazairhope.org\\\/fr\\\/lamerique-et-leurope-sous-occupation-des-lobbys-sionistes\\\/#primaryimage\"},\"image\":{\"@id\":\"https:\\\/\\\/jazairhope.org\\\/fr\\\/lamerique-et-leurope-sous-occupation-des-lobbys-sionistes\\\/#primaryimage\"},\"thumbnailUrl\":\"https:\\\/\\\/jazairhope.org\\\/wp-content\\\/uploads\\\/2023\\\/10\\\/jh-63.jpg\",\"datePublished\":\"2023-10-19T10:28:57+00:00\",\"author\":{\"@id\":\"https:\\\/\\\/jazairhope.org\\\/fr\\\/#\\\/schema\\\/person\\\/0b50f60fad840cf92313307e38c9d20d\"},\"breadcrumb\":{\"@id\":\"https:\\\/\\\/jazairhope.org\\\/fr\\\/lamerique-et-leurope-sous-occupation-des-lobbys-sionistes\\\/#breadcrumb\"},\"inLanguage\":\"fr-FR\",\"potentialAction\":[{\"@type\":\"ReadAction\",\"target\":[\"https:\\\/\\\/jazairhope.org\\\/fr\\\/lamerique-et-leurope-sous-occupation-des-lobbys-sionistes\\\/\"]}]},{\"@type\":\"ImageObject\",\"inLanguage\":\"fr-FR\",\"@id\":\"https:\\\/\\\/jazairhope.org\\\/fr\\\/lamerique-et-leurope-sous-occupation-des-lobbys-sionistes\\\/#primaryimage\",\"url\":\"https:\\\/\\\/jazairhope.org\\\/wp-content\\\/uploads\\\/2023\\\/10\\\/jh-63.jpg\",\"contentUrl\":\"https:\\\/\\\/jazairhope.org\\\/wp-content\\\/uploads\\\/2023\\\/10\\\/jh-63.jpg\",\"width\":565,\"height\":451},{\"@type\":\"BreadcrumbList\",\"@id\":\"https:\\\/\\\/jazairhope.org\\\/fr\\\/lamerique-et-leurope-sous-occupation-des-lobbys-sionistes\\\/#breadcrumb\",\"itemListElement\":[{\"@type\":\"ListItem\",\"position\":1,\"name\":\"Accueil\",\"item\":\"https:\\\/\\\/jazairhope.org\\\/fr\\\/\"},{\"@type\":\"ListItem\",\"position\":2,\"name\":\"L&rsquo;Amerique et l&rsquo;Europe sous occupation des lobbys sionistes.\"}]},{\"@type\":\"WebSite\",\"@id\":\"https:\\\/\\\/jazairhope.org\\\/fr\\\/#website\",\"url\":\"https:\\\/\\\/jazairhope.org\\\/fr\\\/\",\"name\":\"AAH.JZR\",\"description\":\"Environment, Health, Science, Art, Economics\",\"potentialAction\":[{\"@type\":\"SearchAction\",\"target\":{\"@type\":\"EntryPoint\",\"urlTemplate\":\"https:\\\/\\\/jazairhope.org\\\/fr\\\/?s={search_term_string}\"},\"query-input\":{\"@type\":\"PropertyValueSpecification\",\"valueRequired\":true,\"valueName\":\"search_term_string\"}}],\"inLanguage\":\"fr-FR\"},{\"@type\":\"Person\",\"@id\":\"https:\\\/\\\/jazairhope.org\\\/fr\\\/#\\\/schema\\\/person\\\/0b50f60fad840cf92313307e38c9d20d\",\"name\":\"Hope Jzr\",\"image\":{\"@type\":\"ImageObject\",\"inLanguage\":\"fr-FR\",\"@id\":\"https:\\\/\\\/secure.gravatar.com\\\/avatar\\\/0a42f66f14ba94b77f351f3bb2f3b9389c4063acb1697ffb32f5d3944782d3e7?s=96&d=mm&r=g\",\"url\":\"https:\\\/\\\/secure.gravatar.com\\\/avatar\\\/0a42f66f14ba94b77f351f3bb2f3b9389c4063acb1697ffb32f5d3944782d3e7?s=96&d=mm&r=g\",\"contentUrl\":\"https:\\\/\\\/secure.gravatar.com\\\/avatar\\\/0a42f66f14ba94b77f351f3bb2f3b9389c4063acb1697ffb32f5d3944782d3e7?s=96&d=mm&r=g\",\"caption\":\"Hope Jzr\"},\"description\":\"\u00c0 propos de Hope&amp;ChaDia Hope&amp;ChaDia n\u2019est pas un pseudonyme, mais une m\u00e9thode de travail. Hope : l\u2019id\u00e9e, l\u2019esprit, la structure, la vision. C\u2019est l\u2019impulsion humaine qui choisit l\u2019angle, trace la ligne \u00e9ditoriale et donne le sens. ChaDia : l\u2019assistante, qui met en forme, d\u00e9veloppe, affine le style et v\u00e9rifie les faits. Une aide technologique qui amplifie mais ne cr\u00e9e pas. Ensemble, Hope&amp;ChaDia produisent des textes hybrides : profond\u00e9ment humains dans leur inspiration, rigoureux et pr\u00e9cis dans leur r\u00e9alisation. . . SUPPORTEZ JAZAIRHOPE ET FAITES CONNA\u00ceTRE LE PATRIMOINE ET L\u2019HISTOIRE DE L\u2019ALG\u00c9RIE, EN ACHETANT LE LIVRE DE JAZAIRHOPE POUR VOUS OU POUR L\u2019OFFRIR A VOS PROCHES, ICI : https:\\\/\\\/jazairhope.org\\\/fr\\\/ebook\\\/ CEUX EN ALG\u00c9RIE ET CEUX QUI PEUVENT PAS L\u2019ACHETER ON OFFRE UNE COPIE DIGITALE GRATUITE, POUR CELA ENVOYEZ UN EMAIL \u00c0 : INFO@JAZAIRHOPE.ORG\",\"url\":\"https:\\\/\\\/jazairhope.org\\\/fr\\\/author\\\/hope-jazair\\\/\"}]}<\/script>\n<!-- \/ Yoast SEO plugin. -->","yoast_head_json":{"title":"L'Amerique et l'Europe sous occupation des lobbys sionistes. - AAH.JZR","robots":{"index":"index","follow":"follow","max-snippet":"max-snippet:-1","max-image-preview":"max-image-preview:large","max-video-preview":"max-video-preview:-1"},"canonical":"https:\/\/jazairhope.org\/fr\/lamerique-et-leurope-sous-occupation-des-lobbys-sionistes\/","og_locale":"fr_FR","og_type":"article","og_title":"L'Amerique et l'Europe sous occupation des lobbys sionistes. - AAH.JZR","og_description":"Par Mr Hassen Kacimi L&#8217;UE et l&#8217;Amerique sont sous occupation des lobbys sionistes. Personne n&#8217;ose le dire et pourtant c&#8217;est la triste&hellip;","og_url":"https:\/\/jazairhope.org\/fr\/lamerique-et-leurope-sous-occupation-des-lobbys-sionistes\/","og_site_name":"AAH.JZR","article_publisher":"https:\/\/www.facebook.com\/jazairhope","article_published_time":"2023-10-19T10:28:57+00:00","og_image":[{"width":565,"height":451,"url":"https:\/\/jazairhope.org\/wp-content\/uploads\/2023\/10\/jh-63.jpg","type":"image\/jpeg"}],"author":"Hope Jzr","twitter_card":"summary_large_image","twitter_misc":{"\u00c9crit par":"Hope Jzr","Dur\u00e9e de lecture estim\u00e9e":"3 minutes"},"schema":{"@context":"https:\/\/schema.org","@graph":[{"@type":"Article","@id":"https:\/\/jazairhope.org\/fr\/lamerique-et-leurope-sous-occupation-des-lobbys-sionistes\/#article","isPartOf":{"@id":"https:\/\/jazairhope.org\/fr\/lamerique-et-leurope-sous-occupation-des-lobbys-sionistes\/"},"author":{"name":"Hope Jzr","@id":"https:\/\/jazairhope.org\/fr\/#\/schema\/person\/0b50f60fad840cf92313307e38c9d20d"},"headline":"L&#8217;Amerique et l&#8217;Europe sous occupation des lobbys sionistes.","datePublished":"2023-10-19T10:28:57+00:00","mainEntityOfPage":{"@id":"https:\/\/jazairhope.org\/fr\/lamerique-et-leurope-sous-occupation-des-lobbys-sionistes\/"},"wordCount":567,"commentCount":0,"image":{"@id":"https:\/\/jazairhope.org\/fr\/lamerique-et-leurope-sous-occupation-des-lobbys-sionistes\/#primaryimage"},"thumbnailUrl":"https:\/\/jazairhope.org\/wp-content\/uploads\/2023\/10\/jh-63.jpg","articleSection":["Articles en vedette","Politique"],"inLanguage":"fr-FR","potentialAction":[{"@type":"CommentAction","name":"Comment","target":["https:\/\/jazairhope.org\/fr\/lamerique-et-leurope-sous-occupation-des-lobbys-sionistes\/#respond"]}]},{"@type":"WebPage","@id":"https:\/\/jazairhope.org\/fr\/lamerique-et-leurope-sous-occupation-des-lobbys-sionistes\/","url":"https:\/\/jazairhope.org\/fr\/lamerique-et-leurope-sous-occupation-des-lobbys-sionistes\/","name":"L'Amerique et l'Europe sous occupation des lobbys sionistes. - AAH.JZR","isPartOf":{"@id":"https:\/\/jazairhope.org\/fr\/#website"},"primaryImageOfPage":{"@id":"https:\/\/jazairhope.org\/fr\/lamerique-et-leurope-sous-occupation-des-lobbys-sionistes\/#primaryimage"},"image":{"@id":"https:\/\/jazairhope.org\/fr\/lamerique-et-leurope-sous-occupation-des-lobbys-sionistes\/#primaryimage"},"thumbnailUrl":"https:\/\/jazairhope.org\/wp-content\/uploads\/2023\/10\/jh-63.jpg","datePublished":"2023-10-19T10:28:57+00:00","author":{"@id":"https:\/\/jazairhope.org\/fr\/#\/schema\/person\/0b50f60fad840cf92313307e38c9d20d"},"breadcrumb":{"@id":"https:\/\/jazairhope.org\/fr\/lamerique-et-leurope-sous-occupation-des-lobbys-sionistes\/#breadcrumb"},"inLanguage":"fr-FR","potentialAction":[{"@type":"ReadAction","target":["https:\/\/jazairhope.org\/fr\/lamerique-et-leurope-sous-occupation-des-lobbys-sionistes\/"]}]},{"@type":"ImageObject","inLanguage":"fr-FR","@id":"https:\/\/jazairhope.org\/fr\/lamerique-et-leurope-sous-occupation-des-lobbys-sionistes\/#primaryimage","url":"https:\/\/jazairhope.org\/wp-content\/uploads\/2023\/10\/jh-63.jpg","contentUrl":"https:\/\/jazairhope.org\/wp-content\/uploads\/2023\/10\/jh-63.jpg","width":565,"height":451},{"@type":"BreadcrumbList","@id":"https:\/\/jazairhope.org\/fr\/lamerique-et-leurope-sous-occupation-des-lobbys-sionistes\/#breadcrumb","itemListElement":[{"@type":"ListItem","position":1,"name":"Accueil","item":"https:\/\/jazairhope.org\/fr\/"},{"@type":"ListItem","position":2,"name":"L&rsquo;Amerique et l&rsquo;Europe sous occupation des lobbys sionistes."}]},{"@type":"WebSite","@id":"https:\/\/jazairhope.org\/fr\/#website","url":"https:\/\/jazairhope.org\/fr\/","name":"AAH.JZR","description":"Environment, Health, Science, Art, Economics","potentialAction":[{"@type":"SearchAction","target":{"@type":"EntryPoint","urlTemplate":"https:\/\/jazairhope.org\/fr\/?s={search_term_string}"},"query-input":{"@type":"PropertyValueSpecification","valueRequired":true,"valueName":"search_term_string"}}],"inLanguage":"fr-FR"},{"@type":"Person","@id":"https:\/\/jazairhope.org\/fr\/#\/schema\/person\/0b50f60fad840cf92313307e38c9d20d","name":"Hope Jzr","image":{"@type":"ImageObject","inLanguage":"fr-FR","@id":"https:\/\/secure.gravatar.com\/avatar\/0a42f66f14ba94b77f351f3bb2f3b9389c4063acb1697ffb32f5d3944782d3e7?s=96&d=mm&r=g","url":"https:\/\/secure.gravatar.com\/avatar\/0a42f66f14ba94b77f351f3bb2f3b9389c4063acb1697ffb32f5d3944782d3e7?s=96&d=mm&r=g","contentUrl":"https:\/\/secure.gravatar.com\/avatar\/0a42f66f14ba94b77f351f3bb2f3b9389c4063acb1697ffb32f5d3944782d3e7?s=96&d=mm&r=g","caption":"Hope Jzr"},"description":"\u00c0 propos de Hope&amp;ChaDia Hope&amp;ChaDia n\u2019est pas un pseudonyme, mais une m\u00e9thode de travail. Hope : l\u2019id\u00e9e, l\u2019esprit, la structure, la vision. C\u2019est l\u2019impulsion humaine qui choisit l\u2019angle, trace la ligne \u00e9ditoriale et donne le sens. ChaDia : l\u2019assistante, qui met en forme, d\u00e9veloppe, affine le style et v\u00e9rifie les faits. Une aide technologique qui amplifie mais ne cr\u00e9e pas. Ensemble, Hope&amp;ChaDia produisent des textes hybrides : profond\u00e9ment humains dans leur inspiration, rigoureux et pr\u00e9cis dans leur r\u00e9alisation. . . SUPPORTEZ JAZAIRHOPE ET FAITES CONNA\u00ceTRE LE PATRIMOINE ET L\u2019HISTOIRE DE L\u2019ALG\u00c9RIE, EN ACHETANT LE LIVRE DE JAZAIRHOPE POUR VOUS OU POUR L\u2019OFFRIR A VOS PROCHES, ICI : https:\/\/jazairhope.org\/fr\/ebook\/ CEUX EN ALG\u00c9RIE ET CEUX QUI PEUVENT PAS L\u2019ACHETER ON OFFRE UNE COPIE DIGITALE GRATUITE, POUR CELA ENVOYEZ UN EMAIL \u00c0 : INFO@JAZAIRHOPE.ORG","url":"https:\/\/jazairhope.org\/fr\/author\/hope-jazair\/"}]}},"views":272,"_links":{"self":[{"href":"https:\/\/jazairhope.org\/fr\/wp-json\/wp\/v2\/posts\/91843","targetHints":{"allow":["GET"]}}],"collection":[{"href":"https:\/\/jazairhope.org\/fr\/wp-json\/wp\/v2\/posts"}],"about":[{"href":"https:\/\/jazairhope.org\/fr\/wp-json\/wp\/v2\/types\/post"}],"author":[{"embeddable":true,"href":"https:\/\/jazairhope.org\/fr\/wp-json\/wp\/v2\/users\/50"}],"replies":[{"embeddable":true,"href":"https:\/\/jazairhope.org\/fr\/wp-json\/wp\/v2\/comments?post=91843"}],"version-history":[{"count":1,"href":"https:\/\/jazairhope.org\/fr\/wp-json\/wp\/v2\/posts\/91843\/revisions"}],"predecessor-version":[{"id":91847,"href":"https:\/\/jazairhope.org\/fr\/wp-json\/wp\/v2\/posts\/91843\/revisions\/91847"}],"wp:featuredmedia":[{"embeddable":true,"href":"https:\/\/jazairhope.org\/fr\/wp-json\/wp\/v2\/media\/91844"}],"wp:attachment":[{"href":"https:\/\/jazairhope.org\/fr\/wp-json\/wp\/v2\/media?parent=91843"}],"wp:term":[{"taxonomy":"category","embeddable":true,"href":"https:\/\/jazairhope.org\/fr\/wp-json\/wp\/v2\/categories?post=91843"},{"taxonomy":"post_tag","embeddable":true,"href":"https:\/\/jazairhope.org\/fr\/wp-json\/wp\/v2\/tags?post=91843"}],"curies":[{"name":"wp","href":"https:\/\/api.w.org\/{rel}","templated":true}]}}