{"id":919,"date":"2020-10-06T06:33:11","date_gmt":"2020-10-06T06:33:11","guid":{"rendered":"https:\/\/jazairhope.org\/?p=919"},"modified":"2020-10-11T22:08:43","modified_gmt":"2020-10-11T22:08:43","slug":"pour-nous-ils-sont-aveugles-sur-les-plaisirs-dignes-de","status":"publish","type":"post","link":"https:\/\/jazairhope.org\/fr\/pour-nous-ils-sont-aveugles-sur-les-plaisirs-dignes-de\/","title":{"rendered":"Alger et les r\u00e9volutionnaires, une d\u00e9cennie enchant\u00e9e"},"content":{"rendered":"<div class=\"intro\">\n<div class=\"cover-content-description-date\"><time datetime=\"03\/10\/2020\">LE 03\/10\/2020<\/time><\/div>\n<div class=\"LabelComponent\" data-state-id=\"Label\" data-state-count=\"892540\"><a class=\"label-sticker\" title=\"Alger rouge &amp; panth\u00e8res noires (2 \u00e9pisodes)\" href=\"https:\/\/www.franceculture.fr\/emissions\/series\/alger-rouge-et-pantheres-noires\" data-reactroot=\"\"><span class=\"label-sticker-name\">S\u00c9RIE\u00a0 <\/span><span class=\"label-sticker-title\" title=\"Alger rouge &amp; panth\u00e8res noires (2 \u00e9pisodes)\">ALGER ROUGE &amp; PANTH\u00c8RES NOIRES (2 \u00c9PISODES)<\/span><\/a><\/div>\n<p>&nbsp;<\/p>\n<p>&#8220;Les musulmans vont en p\u00e8lerinage \u00e0 La Mecque, les chr\u00e9tiens au Vatican et les mouvements de lib\u00e9ration nationale \u00e0 Alger&#8221;, Amilcar Cabral, lors d\u2019une conf\u00e9rence de presse \u00e0 Alger en 1968.<\/p>\n<\/div>\n<figure class=\"image\"><picture><source class=\"dejavu\" srcset=\"https:\/\/cdn.radiofrance.fr\/s3\/cruiser-production\/2020\/10\/5ee1ba63-fad1-46fb-807c-ac1134fdce42\/838_alger2_0.webp\" type=\"image\/webp\" \/><img fetchpriority=\"high\" decoding=\"async\" class=\"dejavu dejavu-loaded\" src=\"https:\/\/cdn.radiofrance.fr\/s3\/cruiser-production\/2020\/10\/5ee1ba63-fad1-46fb-807c-ac1134fdce42\/838_alger2_0.jpg\" alt=\"Affiche du film \u00ab1er festival de cin\u00e9ma panafricain\u00bb, documentaire de William Klein, racontant la 1\u00e8re \u00e9dition du festival avec parmi les t\u00eates d'affiche c\u00f4t\u00e9 musique Miriam Makeba, Nina Simone et Archie Shepp.\" width=\"838\" height=\"471\" \/><\/picture><figcaption class=\"figcaption\"><span class=\"caption\">Affiche du film \u00ab1er festival de cin\u00e9ma panafricain\u00bb, documentaire de William Klein, racontant la 1\u00e8re \u00e9dition du festival avec parmi les t\u00eates d&#8217;affiche c\u00f4t\u00e9 musique Miriam Makeba, Nina Simone et Archie Shepp.<\/span><span class=\"bullet\">\u2022<\/span><span class=\"copyright\">\u00a0Cr\u00e9dits :\u00a0<em>John D. Kisch\/Separate Cinema Archive<\/em>\u00a0&#8211;\u00a0<em>Getty<\/em><\/span><\/figcaption><\/figure>\n<div class=\"content-body\">\n<p>Au d\u00e9but des ann\u00e9es 60, dans l\u2019euphorie de son ind\u00e9pendance retrouv\u00e9e, l\u2019Alg\u00e9rie, al Djaza\u00efr comme elle se dit en arabe, s\u2019\u00e9rige en terre d\u2019accueil des mouvements anticoloniaux et r\u00e9volutionnaires du monde entier. Pendant une dizaine d\u2019ann\u00e9es, les gouvernements successifs, de Ben Bella et de Boumediene, apportent leurs soutiens actifs \u00e0 tous les militants du tiers monde en lutte contre l\u2019oppression coloniale ou raciale.<\/p>\n<h2>\u00c9pisode 1\u00a0: Alger et les r\u00e9volutionnaires, une d\u00e9cennie enchant\u00e9e<\/h2>\n<p>C\u2019est dans ce contexte qu\u2019est lanc\u00e9, en 1969, le premier Festival culturel panafricain. Beaucoup plus qu\u2019un simple \u00e9v\u00e9nement culturel, ce festival est une tribune politique majeure pour les pays \u00e9mergents, dont l\u2019Alg\u00e9rie se veut le fer de lance. Ce rendez-vous festif et in\u00e9dit rassemble une Afrique fraternelle, bouillonnante de cr\u00e9ativit\u00e9 et d\u2019espoir, o\u00f9 l\u2019esprit r\u00e9volutionnaire habite plus que jamais les rues de la ville blanche. Des artistes de toutes les disciplines sont rejoints par les repr\u00e9sentants des mouvements de lib\u00e9ration de l\u2019Angola, de l\u2019Afrique du Sud, du Vietnam. Et, plus \u00e9tonnant encore, par les Black Panthers venus d\u2019Am\u00e9rique, qui saisissent cette occasion pour fonder leur bureau international \u00e0 Alger. L\u2019Alg\u00e9rie veut jouer en Afrique un r\u00f4le analogue \u00e0 celui de Cuba en Am\u00e9rique latine. Et durant pr\u00e8s d\u2019une d\u00e9cennie, la capitale alg\u00e9rienne devient alors &#8220;la Mecque&#8221; des r\u00e9volutionnaires.<\/p>\n<figure class=\"image\"><picture><source class=\"dejavu\" srcset=\"https:\/\/cdn.radiofrance.fr\/s3\/cruiser-production\/2020\/09\/2987c132-125c-4e1e-aa91-2706d4e36986\/838_000_arp2621203.webp\" type=\"image\/webp\" \/><img decoding=\"async\" class=\"dejavu dejavu-loaded\" src=\"https:\/\/cdn.radiofrance.fr\/s3\/cruiser-production\/2020\/09\/2987c132-125c-4e1e-aa91-2706d4e36986\/838_000_arp2621203.jpg\" alt=\"Le Centre afro-am\u00e9ricain lors de son inauguration par les d\u00e9l\u00e9gu\u00e9s du parti Black Panther dont son ministre de l'Information Elridge Cleaver au centre-ville d'Alger le 21 juillet 1969.\" width=\"838\" height=\"626\" \/><\/picture><figcaption class=\"figcaption\"><span class=\"caption\">Le Centre afro-am\u00e9ricain lors de son inauguration par les d\u00e9l\u00e9gu\u00e9s du parti Black Panther dont son ministre de l&#8217;Information Elridge Cleaver au centre-ville d&#8217;Alger le 21 juillet 1969.<\/span><span class=\"bullet\">\u2022<\/span><span class=\"copyright\">\u00a0Cr\u00e9dits :\u00a0<em>AFP<\/em><\/span><\/figcaption><\/figure>\n<p>L\u00e9gende photo ci-dessus\u00a0: Organis\u00e9 par l&#8217;Organisation de l&#8217;unit\u00e9 africaine (OUA), le Festival culturel panafricain s&#8217;est tenu dans la capitale de l&#8217;Alg\u00e9rie du 21 juillet au 1er ao\u00fbt 1969. On peut voir les portraits des dirigeants Huey P. Newton (avec b\u00e9ret) et Eldridge Cleaver (barbe et lunettes de soleil).<\/p>\n<div class=\"player-inline\"><\/div>\n<div class=\"LabelComponent\" data-state-id=\"Label\" data-state-count=\"892540\">\n<div class=\"player-inline\">\n<div class=\"player-inline-title\">\u00c9couter<\/div>\n<div class=\"player-inline-content\">\n<div class=\"icon-wrapper\">\n<p><button class=\"replay-button paused\" title=\"\u00c9couter Archive INA : &quot;Black studies&quot;, 3\u00e8me \u00e9mission dans &quot;La fabrique de l'histoire&quot;, extrait du discours de Houari Boum\u00e9di\u00e8ne lors du 1er festival Panafricain\" data-network-change=\"\" aria-label=\"lecture de Archive INA : &quot;Black studies&quot;, 3\u00e8me \u00e9mission dans &quot;La fabrique de l'histoire&quot;, extrait du discours de Houari Boum\u00e9di\u00e8ne lors du 1er festival Panafricain\" data-btn-type=\"aod\" data-asset-xtname=\"Extrait::Archive_INA_:__Black_studies_,_3eme_emission_dans__La_fabrique_de_l_histoire_,_extrait_du_discours_de_Houari_Boumediene_lors_du_1er_festival_Panafricain::Archive_INA_:__Black_studies_,_3eme_emission_dans__La_fabrique_de_l_histoire_,_extrait_du_discours_de_Houari_Boumediene_lors_du_1er_festival_Panafricain\" data-asset-title=\"Archive INA : &quot;Black studies&quot;, 3\u00e8me \u00e9mission dans &quot;La fabrique de l'histoire&quot;, extrait du discours de Houari Boum\u00e9di\u00e8ne lors du 1er festival Panafricain\" data-asset-surtitle=\"\" data-asset-source=\"https:\/\/cdn.radiofrance.fr\/s3\/cruiser-production\/2020\/09\/67abc710-b353-4038-9147-d849306471ac\/001_001-extrait_du_discours_de_houari_boumediene_lors_du_1e_ina.mp3\" data-duration=\"61\" data-asset-created-date=\"1600704168\" data-extract-title=\"Archive INA : &quot;Black studies&quot;, 3\u00e8me \u00e9mission dans &quot;La fabrique de l'histoire&quot;, extrait du discours de Houari Boum\u00e9di\u00e8ne lors du 1er festival Panafricain\" data-clip-type=\"extraits\" data-link-xiti-initialized=\"true\"><\/button><button class=\"replay-button paused\" title=\"\u00c9couter Archive INA : &quot;Black studies&quot;, 3\u00e8me \u00e9mission dans &quot;La fabrique de l'histoire&quot;, extrait du discours de Houari Boum\u00e9di\u00e8ne lors du 1er festival Panafricain\" data-network-change=\"\" aria-label=\"lecture de Archive INA : &quot;Black studies&quot;, 3\u00e8me \u00e9mission dans &quot;La fabrique de l'histoire&quot;, extrait du discours de Houari Boum\u00e9di\u00e8ne lors du 1er festival Panafricain\" data-btn-type=\"aod\" data-asset-xtname=\"Extrait::Archive_INA_:__Black_studies_,_3eme_emission_dans__La_fabrique_de_l_histoire_,_extrait_du_discours_de_Houari_Boumediene_lors_du_1er_festival_Panafricain::Archive_INA_:__Black_studies_,_3eme_emission_dans__La_fabrique_de_l_histoire_,_extrait_du_discours_de_Houari_Boumediene_lors_du_1er_festival_Panafricain\" data-asset-title=\"Archive INA : &quot;Black studies&quot;, 3\u00e8me \u00e9mission dans &quot;La fabrique de l'histoire&quot;, extrait du discours de Houari Boum\u00e9di\u00e8ne lors du 1er festival Panafricain\" data-asset-surtitle=\"\" data-asset-source=\"https:\/\/cdn.radiofrance.fr\/s3\/cruiser-production\/2020\/09\/67abc710-b353-4038-9147-d849306471ac\/001_001-extrait_du_discours_de_houari_boumediene_lors_du_1e_ina.mp3\" data-duration=\"61\" data-asset-created-date=\"1600704168\" data-extract-title=\"Archive INA : &quot;Black studies&quot;, 3\u00e8me \u00e9mission dans &quot;La fabrique de l'histoire&quot;, extrait du discours de Houari Boum\u00e9di\u00e8ne lors du 1er festival Panafricain\" data-clip-type=\"extraits\" data-link-xiti-initialized=\"true\"><span class=\"player-button-label\">\u00c9couter Archive INA : &#8220;Black studies&#8221;, 3\u00e8me \u00e9mission dans &#8220;La fabrique de l&#8217;histoire&#8221;, extrait du discours de Houari Boum\u00e9di\u00e8ne lors du 1er festival Panafricain<\/span><\/button><\/p>\n<div class=\"button-icon-play\"><\/div>\n<p><span class=\"replay-button-duration\">1 MIN<\/span><\/p>\n<\/div>\n<div class=\"player-inline-content-title\">Archive INA : &#8220;Black studies&#8221;, 3\u00e8me \u00e9mission dans &#8220;La fabrique de l&#8217;histoire&#8221;, extrait du discours de Houari Boum\u00e9di\u00e8ne lors du 1er festival Panafricain<\/div>\n<\/div>\n<\/div>\n<h2>Intervenants<\/h2>\n<ul>\n<li><a href=\"https:\/\/bit.ly\/3j2slDm\" target=\"_blank\" rel=\"noopener noreferrer\">Elaine Mokhtefi<\/a>, journaliste et traductrice<\/li>\n<li>Ali Habib, ancien journaliste dans les m\u00e9dias publics et priv\u00e9s \u00e0 Alger<\/li>\n<li><a href=\"https:\/\/bit.ly\/367S0GK\" target=\"_blank\" rel=\"noopener noreferrer\">Archie Shepp<\/a>, saxophoniste de Jazz<\/li>\n<li><a href=\"https:\/\/bit.ly\/301tovs\" target=\"_blank\" rel=\"noopener noreferrer\">William Klein<\/a>, r\u00e9alisateur\u00a0:\u00a0<a href=\"http:\/\/www.film-documentaire.fr\/4DACTION\/w_fiche_film\/28876\" target=\"_blank\" rel=\"noopener noreferrer\"><em>Eldridge Cleaver, Black Panther<\/em><\/a>\u00a0(1969. Production\/Diffusion Office National pour le Commerce et l&#8217;Industrie Cin\u00e9matographique)<\/li>\n<\/ul>\n<figure class=\"image\"><picture><source class=\"dejavu\" srcset=\"https:\/\/cdn.radiofrance.fr\/s3\/cruiser-production\/2020\/09\/7f680410-2209-407d-9c64-74a2f022b6b6\/838_gettyimages-1192244646.webp\" type=\"image\/webp\" \/><img decoding=\"async\" class=\"dejavu dejavu-loaded\" src=\"https:\/\/cdn.radiofrance.fr\/s3\/cruiser-production\/2020\/09\/7f680410-2209-407d-9c64-74a2f022b6b6\/838_gettyimages-1192244646.jpg\" alt=\"Eldridge Cleaver et son \u00e9pouse Kathleen dans leur appartement \u00e0 Paris pendant leur exil (1974)\" width=\"838\" height=\"584\" \/><\/picture><figcaption class=\"figcaption\"><span class=\"caption\">Eldridge Cleaver et son \u00e9pouse Kathleen dans leur appartement \u00e0 Paris pendant leur exil (1974)<\/span><span class=\"bullet\">\u2022<\/span><span class=\"copyright\">\u00a0Cr\u00e9dits :\u00a0<em>Nik Wheeler \/ Corbis via Getty Images<\/em>\u00a0&#8211;\u00a0<em>Getty<\/em><\/span><\/figcaption><\/figure>\n<h2>Bibliographie<\/h2>\n<p><strong>Ouvrages\u00a0:<\/strong>\u00a0<a href=\"https:\/\/www.editionslatableronde.fr\/Catalogue\/hors-collection\/la-cite-sauvage\" target=\"_blank\" rel=\"noopener noreferrer\"><em>La cit\u00e9 sauvage<\/em><\/a>, T. J. English, La table ronde (2012). Traduction (anglais) par David Fauquemberg &#8211;\u00a0<a href=\"https:\/\/lafabrique.fr\/alger-capitale-de-la-revolution\/\" target=\"_blank\" rel=\"noopener noreferrer\"><em>Alger, capitale de la r\u00e9volution. De Fanon aux Black Panthers<\/em><\/a>, Elaine Mokhtefi, La Fabrique (2019)<\/p>\n<p><strong>Revues\u00a0:<\/strong>\u00a0<a href=\"https:\/\/bit.ly\/365LMHs\" target=\"_blank\" rel=\"noopener noreferrer\"><em>Schnock n\u00b02<\/em><\/a>\u00a0: un dossier les Black Panthers \u00e0 Alger par Laurence R\u00e9mila &#8211;\u00a0<a href=\"https:\/\/editionsladecouverte.fr\/catalogue\/index-Revue_du_crieur_Na__14-9782348054754.html\" target=\"_blank\" rel=\"noopener noreferrer\"><em>Revue du Crieur n\u00b014<\/em><\/a>\u00a0: un dossier\u00a0<em>La fin granguignolesque d\u2019un Black Panther<\/em>\u00a0par R\u00e9gis Dubois &#8211;\u00a0<a href=\"https:\/\/issuu.com\/basicsnewsarchives\/docs\/03_no_16_1-28_aug_9_1969\/27\" target=\"_blank\" rel=\"noopener noreferrer\">The Black Panther<\/a>\u00a0&#8211; Vol. 3, No. 16<\/p>\n<div class=\"player-inline\">\n<div class=\"player-inline-title\">\u00c9couter<\/div>\n<div class=\"player-inline-content\">\n<div class=\"icon-wrapper\">\n<p><button class=\"replay-button paused\" title=\"\u00c9couter Archive INA : &quot;\u00c0 voix nue&quot;, William Klein, 4\u00e8me partie. William Klein parle de son film sur Eldridge Cleaver\" data-network-change=\"\" aria-label=\"lecture de Archive INA : &quot;\u00c0 voix nue&quot;, William Klein, 4\u00e8me partie. William Klein parle de son film sur Eldridge Cleaver\" data-btn-type=\"aod\" data-asset-xtname=\"Extrait::Archive_INA_:__A_voix_nue_,_William_Klein,_4eme_partie._William_Klein_parle_de_son_film_sur_Eldridge_Cleaver::Archive_INA_:__A_voix_nue_,_William_Klein,_4eme_partie._William_Klein_parle_de_son_film_sur_Eldridge_Cleaver\" data-asset-title=\"Archive INA : &quot;\u00c0 voix nue&quot;, William Klein, 4\u00e8me partie. William Klein parle de son film sur Eldridge Cleaver\" data-asset-surtitle=\"\" data-asset-source=\"https:\/\/cdn.radiofrance.fr\/s3\/cruiser-production\/2020\/09\/de08837f-f7e9-4d34-bd3a-917ded4245e3\/001_002-partie_1_william_klein_parle_de_son_film_sur_eldr_ina.mp3\" data-duration=\"165\" data-asset-created-date=\"1600704364\" data-extract-title=\"Archive INA : &quot;\u00c0 voix nue&quot;, William Klein, 4\u00e8me partie. William Klein parle de son film sur Eldridge Cleaver\" data-clip-type=\"extraits\" data-link-xiti-initialized=\"true\"><\/button><button class=\"replay-button paused\" title=\"\u00c9couter Archive INA : &quot;\u00c0 voix nue&quot;, William Klein, 4\u00e8me partie. William Klein parle de son film sur Eldridge Cleaver\" data-network-change=\"\" aria-label=\"lecture de Archive INA : &quot;\u00c0 voix nue&quot;, William Klein, 4\u00e8me partie. William Klein parle de son film sur Eldridge Cleaver\" data-btn-type=\"aod\" data-asset-xtname=\"Extrait::Archive_INA_:__A_voix_nue_,_William_Klein,_4eme_partie._William_Klein_parle_de_son_film_sur_Eldridge_Cleaver::Archive_INA_:__A_voix_nue_,_William_Klein,_4eme_partie._William_Klein_parle_de_son_film_sur_Eldridge_Cleaver\" data-asset-title=\"Archive INA : &quot;\u00c0 voix nue&quot;, William Klein, 4\u00e8me partie. William Klein parle de son film sur Eldridge Cleaver\" data-asset-surtitle=\"\" data-asset-source=\"https:\/\/cdn.radiofrance.fr\/s3\/cruiser-production\/2020\/09\/de08837f-f7e9-4d34-bd3a-917ded4245e3\/001_002-partie_1_william_klein_parle_de_son_film_sur_eldr_ina.mp3\" data-duration=\"165\" data-asset-created-date=\"1600704364\" data-extract-title=\"Archive INA : &quot;\u00c0 voix nue&quot;, William Klein, 4\u00e8me partie. William Klein parle de son film sur Eldridge Cleaver\" data-clip-type=\"extraits\" data-link-xiti-initialized=\"true\"><span class=\"player-button-label\">\u00c9couter Archive INA : &#8220;\u00c0 voix nue&#8221;, William Klein, 4\u00e8me partie. William Klein parle de son film sur Eldridge Cleaver<\/span><\/button><\/p>\n<div class=\"button-icon-play\"><\/div>\n<p><span class=\"replay-button-duration\">2 MIN<\/span><\/p>\n<\/div>\n<div class=\"player-inline-content-title\">Archive INA : &#8220;\u00c0 voix nue&#8221;, William Klein, 4\u00e8me partie. William Klein parle de son film sur Eldridge Cleaver<\/div>\n<\/div>\n<\/div>\n<p><strong>Films\u00a0:<\/strong>\u00a0<a href=\"https:\/\/boutique.arte.tv\/detail\/festival_panafricain_d_alger___eldridge_cleaver_black_panther___coffret_2_dvd_453672\" target=\"_blank\" rel=\"noopener noreferrer\"><em>Festival panafricain d&#8217;Alger &amp; Eldridge Cleaver Black Panther, William Klein, 1970<\/em><\/a>, coffret 2 DVD, Arte &#8211;\u00a0<a href=\"http:\/\/www.film-documentaire.fr\/4DACTION\/w_fiche_film\/50918_1\" target=\"_blank\" rel=\"noopener noreferrer\">Alger, la Mecque des r\u00e9volutionnaires (1962-1974)<\/a>, Ben Salama, (France, 2016) &#8211;\u00a0<a href=\"https:\/\/www.cine-tamaris.fr\/black-panthers\/\" target=\"_blank\" rel=\"noopener noreferrer\">Black Panthers<\/a>. Agn\u00e8s Varda (France, 1968) &#8211;\u00a0<a href=\"http:\/\/www.film-documentaire.fr\/4DACTION\/w_fiche_film\/37488_1\" target=\"_blank\" rel=\"noopener noreferrer\"><em>Melvin et Jeane\u00a0: la r\u00e9volte et l&#8217;exil<\/em><\/a>, Maia Wechsler (France, 2012)<\/p>\n<p><strong>Discographie\u00a0:<\/strong>\u00a0<a href=\"https:\/\/bit.ly\/3chftq6\" target=\"_blank\" rel=\"noopener noreferrer\"><em>1970&#8217;s Algerian pop and folk<\/em><\/a>\u00a0(label Sublime Frequencies \u2013 Orkh\u00eastra)<\/p>\n<figure class=\"image\"><picture><source class=\"dejavu\" srcset=\"https:\/\/cdn.radiofrance.fr\/s3\/cruiser-production\/2020\/09\/1d1f6c6a-462c-4f92-931c-36ca90234b49\/838_000_app2003051980108.webp\" type=\"image\/webp\" \/><img loading=\"lazy\" decoding=\"async\" class=\"dejavu dejavu-loaded\" src=\"https:\/\/cdn.radiofrance.fr\/s3\/cruiser-production\/2020\/09\/1d1f6c6a-462c-4f92-931c-36ca90234b49\/838_000_app2003051980108.jpg\" alt=\"Photo prise en juillet 1969 au Festival panafricain d'Alger : Le saxophoniste t\u00e9nor am\u00e9ricain Archie Shepp avec, \u00e0 l'arri\u00e8re plan, le tromboniste Grachan Moncur. \" width=\"838\" height=\"548\" \/><\/picture><figcaption class=\"figcaption\"><span class=\"caption\">Photo prise en juillet 1969 au Festival panafricain d&#8217;Alger : Le saxophoniste t\u00e9nor am\u00e9ricain Archie Shepp avec, \u00e0 l&#8217;arri\u00e8re plan, le tromboniste Grachan Moncur.\u00a0<\/span><span class=\"bullet\">\u2022<\/span><span class=\"copyright\">\u00a0Cr\u00e9dits :\u00a0<em>Eleonore Bakhtadze \/ AFP<\/em>\u00a0&#8211;\u00a0<em>AFP<\/em><\/span><\/figcaption><\/figure>\n<h2>Musique<\/h2>\n<ul>\n<li>Miriam Makeba,\u00a0<em>Ifrikia, Afrique, Africa,<\/em>\u00a0concert aux Jeux Panafricains d&#8217;Alger (1978)<\/li>\n<li><em>1970&#8217;s Algerian folk and pop<\/em>\u00a0(label Sublime Frequencies \u2013 Orkh\u00eastra)<\/li>\n<li>Nina Simone,\u00a0<em>Revolutionary blues<\/em>\u00a0(live)<\/li>\n<\/ul>\n<p><strong>Un documentaire de Seham Boutata, r\u00e9alis\u00e9 par Christine Robert.<\/strong>\u00a0Prise de son, Marc Garvenes. Mixage, Val\u00e9rie Lavallart. Archives INA, Sophie Henocq. Avec la collaboration d&#8217;Annelise Signoret de la Biblioth\u00e8que de Radio France.<\/p>\n<h2>Pour aller plus loin<\/h2>\n<ul>\n<li><a href=\"https:\/\/journals.openedition.org\/chrhc\/12161\" target=\"_blank\" rel=\"noopener noreferrer\"><em>Une Am\u00e9ricaine engag\u00e9e en Alg\u00e9rie<\/em><\/a>\u00a0: interview d\u2019Elaine Mokhtefi en d\u00e9cembre 2018, \u00e0 lire dans\u00a0<em>les Cahiers d\u2019histoire<\/em>, n\u00b0143 (2019)<\/li>\n<li><a href=\"https:\/\/www.canal-u.tv\/video\/chs\/histoire_de_l_algerie_les_annees_1968.37685\" target=\"_blank\" rel=\"noopener noreferrer\"><em>Histoire de l&#8217;Alg\u00e9rie, les ann\u00e9es 1968<\/em><\/a>\u00a0: documentaire r\u00e9alis\u00e9 par Jeanne Menjoulet pour de Centre d\u2019Histoire Sociale (2017)<\/li>\n<li><a href=\"https:\/\/www.elwatan.com\/edition\/contributions\/lalgerie-a-linternational-de-la-guerrilla-diplomacy-annees-60-70-a-la-wait-and-see-diplomacy-annees-80-2000-22-12-2018\" target=\"_blank\" rel=\"noopener noreferrer\"><em>L\u2019Alg\u00e9rie \u00e0 l\u2019international\u00a0: de la \u00abguerrilla diplomacy\u00bb (ann\u00e9es 60-70) \u00e0 la \u00abwait and see diplomacy\u00bb (ann\u00e9es 80-2000)<\/em><\/a><em>.<\/em>\u00a0Article publi\u00e9 sur le site d\u2019<em>El Watan<\/em>\u00a0(d\u00e9cembre 2018)<\/li>\n<li><a href=\"https:\/\/bit.ly\/2S0uH9C\" target=\"_blank\" rel=\"noopener noreferrer\"><em>Manifeste culturel panafricain, adopt\u00e9 lors du premier Festival culturel panafricain, organis\u00e9 en 1969 \u00e0 Alger<\/em><\/a><em>.<\/em>\u00a0\u00c0 lire sur le site du Centre d&#8217;Etudes Linguistiques et Historiques par Tradition Orale (CELHTO)<\/li>\n<li><a href=\"http:\/\/cinememoire.net\/index.php\/videos?sequence=8393\" target=\"_blank\" rel=\"noopener noreferrer\">Images d\u2019amateur tourn\u00e9es dans Alger lors du Festival culturel panafricain en juillet 1969<\/a>. \u00c0 voir sur le site de la Cin\u00e9math\u00e8que marseillaise de films amateurs, Cin\u00e9m\u00e9moire<\/li>\n<li>Matthieu Renault\u00a0:\u00a0<a href=\"https:\/\/journals.openedition.org\/jda\/4194\" target=\"_blank\" rel=\"noopener noreferrer\"><em>Festival culturel panafricain d\u2019Alger (7-8 juillet 2009)<\/em><\/a><em>,<\/em>\u00a0dans\u00a0<em>Journal des anthropologues<\/em>, n\u00b0118-119 (2009)<\/li>\n<\/ul>\n<aside class=\"bounce with-image\"><span class=\"bounce-title\">\u00c0 R\u00c9\u00c9COUTER<\/span><\/p>\n<div class=\"bounce-content\">\n<div class=\"bounce-picture\" title=\"\u00c0 R\u00c9\u00c9COUTER Black Studies (3\/4) : Le festival panafricain de 1969 \u00e0 Alger\"><\/div>\n<div class=\"teaser-replay-button\"><button class=\"replay-button paused aod\" title=\"R\u00e9\u00e9couter Black Studies (3\/4) : Le festival panafricain de 1969 \u00e0 Alger\" data-btn-type=\"aod\" data-network-change=\"\" data-asset-title=\"Black Studies (3\/4) : Le festival panafricain de 1969 \u00e0 Alger\" data-asset-surtitle=\"La Fabrique de l'Histoire\" aria-label=\"Lecture du replay\" data-asset-source=\"https:\/\/media.radiofrance-podcast.net\/podcast09\/10076-24.01.2018-ITEMA_21565593-1.mp3\" data-asset-created-date=\"1516781130\" data-clip-type=\"reecoute\" data-duration=\"3107\" data-media-id=\"dc5fb14e-f756-4978-876c-406037f98589\" data-title-link=\"\/emissions\/la-fabrique-de-lhistoire\/black-studies-34-le-festival-panafricain-de-1969-a-alger\" data-surtitle-link=\"\/emissions\/la-fabrique-de-lhistoire\" data-business-reference=\"10648\" data-diffusion-id=\"\" data-short-id=\"5e8e7274\" data-expression-id=\"dc5fb14e-f756-4978-876c-406037f98589\" data-concept-id=\"2fee4a91-3f5f-11e5-8314-005056a87c89\" data-universe-title=\"savoirs\" data-link-xiti-initialized=\"true\"><span class=\"replay-button-label\">R\u00e9\u00e9couter Black Studies (3\/4) : Le festival panafricain de 1969 \u00e0 Alger<\/span><\/button><span class=\"replay-button-duration\">51 MIN<\/span><\/div>\n<div class=\"bounce-informations\">\n<p><a title=\"\u00c0 R\u00c9\u00c9COUTER La Fabrique de l'Histoire\" href=\"https:\/\/www.franceculture.fr\/emissions\/la-fabrique-de-lhistoire\"><span class=\"bounce-pre-title\">LA FABRIQUE DE L&#8217;HISTOIRE<\/span><\/a><\/p>\n<div class=\"bounce-label\"><span class=\"bounce-link-title\"><a title=\"\u00c0 R\u00c9\u00c9COUTER Black Studies (3\/4) : Le festival panafricain de 1969 \u00e0 Alger\" href=\"https:\/\/www.franceculture.fr\/emissions\/la-fabrique-de-lhistoire\/black-studies-34-le-festival-panafricain-de-1969-a-alger\">Black Studies (3\/4) : Le festival panafricain de 1969 \u00e0 Alger<\/a><\/span><\/div>\n<\/div>\n<\/div>\n<\/aside>\n<p><strong>Demain, \u00e9pisode 2\u00a0:<\/strong>\u00a0<a href=\"https:\/\/www.franceculture.fr\/emissions\/une-histoire-particuliere-un-recit-documentaire-en-deux-parties\/alger-rouge-pantheres-noires-22-eldridge-cleaver-grandeur-et-decadence-dun-black-panther-en-exil\"><em><strong>Eldridge Cleaver\u00a0: grandeur et d\u00e9cadence d\u2019un Black Panther en exil<\/strong><\/em><\/a><\/p>\n<\/div>\n<p>&nbsp;<\/p>\n<\/div>\n","protected":false},"excerpt":{"rendered":"<p>LE 03\/10\/2020 S\u00c9RIE\u00a0 ALGER ROUGE &amp; PANTH\u00c8RES NOIRES (2 \u00c9PISODES) &nbsp; &#8220;Les musulmans vont en p\u00e8lerinage \u00e0 La Mecque, les chr\u00e9tiens au&hellip;<\/p>\n","protected":false},"author":1,"featured_media":770,"comment_status":"open","ping_status":"closed","sticky":false,"template":"","format":"standard","meta":{"_lmt_disableupdate":"","_lmt_disable":"","footnotes":""},"categories":[39,42],"tags":[],"class_list":["post-919","post","type-post","status-publish","format-standard","has-post-thumbnail","hentry","category-articles-en-vedette","category-histoire-et-patrimoine"],"yoast_head":"<!-- This site is optimized with the Yoast SEO plugin v27.3 - https:\/\/yoast.com\/product\/yoast-seo-wordpress\/ -->\n<title>Alger et les r\u00e9volutionnaires, une d\u00e9cennie enchant\u00e9e - AAH.JZR<\/title>\n<meta name=\"robots\" content=\"index, follow, max-snippet:-1, max-image-preview:large, max-video-preview:-1\" \/>\n<link rel=\"canonical\" href=\"https:\/\/jazairhope.org\/fr\/pour-nous-ils-sont-aveugles-sur-les-plaisirs-dignes-de\/\" \/>\n<meta property=\"og:locale\" content=\"fr_FR\" \/>\n<meta property=\"og:type\" content=\"article\" \/>\n<meta property=\"og:title\" content=\"Alger et les r\u00e9volutionnaires, une d\u00e9cennie enchant\u00e9e - AAH.JZR\" \/>\n<meta property=\"og:description\" content=\"LE 03\/10\/2020 S\u00c9RIE\u00a0 ALGER ROUGE &amp; PANTH\u00c8RES NOIRES (2 \u00c9PISODES) &nbsp; &#8220;Les musulmans vont en p\u00e8lerinage \u00e0 La Mecque, les chr\u00e9tiens au&hellip;\" \/>\n<meta property=\"og:url\" content=\"https:\/\/jazairhope.org\/fr\/pour-nous-ils-sont-aveugles-sur-les-plaisirs-dignes-de\/\" \/>\n<meta property=\"og:site_name\" content=\"AAH.JZR\" \/>\n<meta property=\"article:publisher\" content=\"https:\/\/www.facebook.com\/jazairhope\" \/>\n<meta property=\"article:published_time\" content=\"2020-10-06T06:33:11+00:00\" \/>\n<meta property=\"article:modified_time\" content=\"2020-10-11T22:08:43+00:00\" \/>\n<meta property=\"og:image\" content=\"https:\/\/jazairhope.org\/wp-content\/uploads\/2020\/07\/man-reading-newspaper-6053.jpg\" \/>\n\t<meta property=\"og:image:width\" content=\"350\" \/>\n\t<meta property=\"og:image:height\" content=\"400\" \/>\n\t<meta property=\"og:image:type\" content=\"image\/jpeg\" \/>\n<meta name=\"author\" content=\"Ssuperadmin\" \/>\n<meta name=\"twitter:card\" content=\"summary_large_image\" \/>\n<meta name=\"twitter:label1\" content=\"\u00c9crit par\" \/>\n\t<meta name=\"twitter:data1\" content=\"Ssuperadmin\" \/>\n\t<meta name=\"twitter:label2\" content=\"Dur\u00e9e de lecture estim\u00e9e\" \/>\n\t<meta name=\"twitter:data2\" content=\"5 minutes\" \/>\n<script type=\"application\/ld+json\" class=\"yoast-schema-graph\">{\"@context\":\"https:\\\/\\\/schema.org\",\"@graph\":[{\"@type\":\"Article\",\"@id\":\"https:\\\/\\\/jazairhope.org\\\/fr\\\/pour-nous-ils-sont-aveugles-sur-les-plaisirs-dignes-de\\\/#article\",\"isPartOf\":{\"@id\":\"https:\\\/\\\/jazairhope.org\\\/fr\\\/pour-nous-ils-sont-aveugles-sur-les-plaisirs-dignes-de\\\/\"},\"author\":{\"name\":\"Ssuperadmin\",\"@id\":\"https:\\\/\\\/jazairhope.org\\\/fr\\\/#\\\/schema\\\/person\\\/43650ebd889d8960700b5456ed9264c4\"},\"headline\":\"Alger et les r\u00e9volutionnaires, une d\u00e9cennie enchant\u00e9e\",\"datePublished\":\"2020-10-06T06:33:11+00:00\",\"dateModified\":\"2020-10-11T22:08:43+00:00\",\"mainEntityOfPage\":{\"@id\":\"https:\\\/\\\/jazairhope.org\\\/fr\\\/pour-nous-ils-sont-aveugles-sur-les-plaisirs-dignes-de\\\/\"},\"wordCount\":1003,\"commentCount\":0,\"image\":{\"@id\":\"https:\\\/\\\/jazairhope.org\\\/fr\\\/pour-nous-ils-sont-aveugles-sur-les-plaisirs-dignes-de\\\/#primaryimage\"},\"thumbnailUrl\":\"https:\\\/\\\/jazairhope.org\\\/wp-content\\\/uploads\\\/2020\\\/07\\\/man-reading-newspaper-6053.jpg\",\"articleSection\":[\"Articles en vedette\",\"Histoire et Patrimoine\"],\"inLanguage\":\"fr-FR\",\"potentialAction\":[{\"@type\":\"CommentAction\",\"name\":\"Comment\",\"target\":[\"https:\\\/\\\/jazairhope.org\\\/fr\\\/pour-nous-ils-sont-aveugles-sur-les-plaisirs-dignes-de\\\/#respond\"]}]},{\"@type\":\"WebPage\",\"@id\":\"https:\\\/\\\/jazairhope.org\\\/fr\\\/pour-nous-ils-sont-aveugles-sur-les-plaisirs-dignes-de\\\/\",\"url\":\"https:\\\/\\\/jazairhope.org\\\/fr\\\/pour-nous-ils-sont-aveugles-sur-les-plaisirs-dignes-de\\\/\",\"name\":\"Alger et les r\u00e9volutionnaires, une d\u00e9cennie enchant\u00e9e - AAH.JZR\",\"isPartOf\":{\"@id\":\"https:\\\/\\\/jazairhope.org\\\/fr\\\/#website\"},\"primaryImageOfPage\":{\"@id\":\"https:\\\/\\\/jazairhope.org\\\/fr\\\/pour-nous-ils-sont-aveugles-sur-les-plaisirs-dignes-de\\\/#primaryimage\"},\"image\":{\"@id\":\"https:\\\/\\\/jazairhope.org\\\/fr\\\/pour-nous-ils-sont-aveugles-sur-les-plaisirs-dignes-de\\\/#primaryimage\"},\"thumbnailUrl\":\"https:\\\/\\\/jazairhope.org\\\/wp-content\\\/uploads\\\/2020\\\/07\\\/man-reading-newspaper-6053.jpg\",\"datePublished\":\"2020-10-06T06:33:11+00:00\",\"dateModified\":\"2020-10-11T22:08:43+00:00\",\"author\":{\"@id\":\"https:\\\/\\\/jazairhope.org\\\/fr\\\/#\\\/schema\\\/person\\\/43650ebd889d8960700b5456ed9264c4\"},\"breadcrumb\":{\"@id\":\"https:\\\/\\\/jazairhope.org\\\/fr\\\/pour-nous-ils-sont-aveugles-sur-les-plaisirs-dignes-de\\\/#breadcrumb\"},\"inLanguage\":\"fr-FR\",\"potentialAction\":[{\"@type\":\"ReadAction\",\"target\":[\"https:\\\/\\\/jazairhope.org\\\/fr\\\/pour-nous-ils-sont-aveugles-sur-les-plaisirs-dignes-de\\\/\"]}]},{\"@type\":\"ImageObject\",\"inLanguage\":\"fr-FR\",\"@id\":\"https:\\\/\\\/jazairhope.org\\\/fr\\\/pour-nous-ils-sont-aveugles-sur-les-plaisirs-dignes-de\\\/#primaryimage\",\"url\":\"https:\\\/\\\/jazairhope.org\\\/wp-content\\\/uploads\\\/2020\\\/07\\\/man-reading-newspaper-6053.jpg\",\"contentUrl\":\"https:\\\/\\\/jazairhope.org\\\/wp-content\\\/uploads\\\/2020\\\/07\\\/man-reading-newspaper-6053.jpg\",\"width\":350,\"height\":400},{\"@type\":\"BreadcrumbList\",\"@id\":\"https:\\\/\\\/jazairhope.org\\\/fr\\\/pour-nous-ils-sont-aveugles-sur-les-plaisirs-dignes-de\\\/#breadcrumb\",\"itemListElement\":[{\"@type\":\"ListItem\",\"position\":1,\"name\":\"Accueil\",\"item\":\"https:\\\/\\\/jazairhope.org\\\/fr\\\/\"},{\"@type\":\"ListItem\",\"position\":2,\"name\":\"Alger et les r\u00e9volutionnaires, une d\u00e9cennie enchant\u00e9e\"}]},{\"@type\":\"WebSite\",\"@id\":\"https:\\\/\\\/jazairhope.org\\\/fr\\\/#website\",\"url\":\"https:\\\/\\\/jazairhope.org\\\/fr\\\/\",\"name\":\"AAH.JZR\",\"description\":\"Environment, Health, Science, Art, Economics\",\"potentialAction\":[{\"@type\":\"SearchAction\",\"target\":{\"@type\":\"EntryPoint\",\"urlTemplate\":\"https:\\\/\\\/jazairhope.org\\\/fr\\\/?s={search_term_string}\"},\"query-input\":{\"@type\":\"PropertyValueSpecification\",\"valueRequired\":true,\"valueName\":\"search_term_string\"}}],\"inLanguage\":\"fr-FR\"},{\"@type\":\"Person\",\"@id\":\"https:\\\/\\\/jazairhope.org\\\/fr\\\/#\\\/schema\\\/person\\\/43650ebd889d8960700b5456ed9264c4\",\"name\":\"Ssuperadmin\",\"image\":{\"@type\":\"ImageObject\",\"inLanguage\":\"fr-FR\",\"@id\":\"https:\\\/\\\/secure.gravatar.com\\\/avatar\\\/b4068e88b9c557952c81ca0efc4e11e19a2ed480173b8cef95a240894b16bf22?s=96&d=mm&r=g\",\"url\":\"https:\\\/\\\/secure.gravatar.com\\\/avatar\\\/b4068e88b9c557952c81ca0efc4e11e19a2ed480173b8cef95a240894b16bf22?s=96&d=mm&r=g\",\"contentUrl\":\"https:\\\/\\\/secure.gravatar.com\\\/avatar\\\/b4068e88b9c557952c81ca0efc4e11e19a2ed480173b8cef95a240894b16bf22?s=96&d=mm&r=g\",\"caption\":\"Ssuperadmin\"},\"sameAs\":[\"https:\\\/\\\/jazairhope.org\"],\"url\":\"https:\\\/\\\/jazairhope.org\\\/fr\\\/author\\\/superadmin\\\/\"}]}<\/script>\n<!-- \/ Yoast SEO plugin. -->","yoast_head_json":{"title":"Alger et les r\u00e9volutionnaires, une d\u00e9cennie enchant\u00e9e - AAH.JZR","robots":{"index":"index","follow":"follow","max-snippet":"max-snippet:-1","max-image-preview":"max-image-preview:large","max-video-preview":"max-video-preview:-1"},"canonical":"https:\/\/jazairhope.org\/fr\/pour-nous-ils-sont-aveugles-sur-les-plaisirs-dignes-de\/","og_locale":"fr_FR","og_type":"article","og_title":"Alger et les r\u00e9volutionnaires, une d\u00e9cennie enchant\u00e9e - AAH.JZR","og_description":"LE 03\/10\/2020 S\u00c9RIE\u00a0 ALGER ROUGE &amp; PANTH\u00c8RES NOIRES (2 \u00c9PISODES) &nbsp; &#8220;Les musulmans vont en p\u00e8lerinage \u00e0 La Mecque, les chr\u00e9tiens au&hellip;","og_url":"https:\/\/jazairhope.org\/fr\/pour-nous-ils-sont-aveugles-sur-les-plaisirs-dignes-de\/","og_site_name":"AAH.JZR","article_publisher":"https:\/\/www.facebook.com\/jazairhope","article_published_time":"2020-10-06T06:33:11+00:00","article_modified_time":"2020-10-11T22:08:43+00:00","og_image":[{"width":350,"height":400,"url":"https:\/\/jazairhope.org\/wp-content\/uploads\/2020\/07\/man-reading-newspaper-6053.jpg","type":"image\/jpeg"}],"author":"Ssuperadmin","twitter_card":"summary_large_image","twitter_misc":{"\u00c9crit par":"Ssuperadmin","Dur\u00e9e de lecture estim\u00e9e":"5 minutes"},"schema":{"@context":"https:\/\/schema.org","@graph":[{"@type":"Article","@id":"https:\/\/jazairhope.org\/fr\/pour-nous-ils-sont-aveugles-sur-les-plaisirs-dignes-de\/#article","isPartOf":{"@id":"https:\/\/jazairhope.org\/fr\/pour-nous-ils-sont-aveugles-sur-les-plaisirs-dignes-de\/"},"author":{"name":"Ssuperadmin","@id":"https:\/\/jazairhope.org\/fr\/#\/schema\/person\/43650ebd889d8960700b5456ed9264c4"},"headline":"Alger et les r\u00e9volutionnaires, une d\u00e9cennie enchant\u00e9e","datePublished":"2020-10-06T06:33:11+00:00","dateModified":"2020-10-11T22:08:43+00:00","mainEntityOfPage":{"@id":"https:\/\/jazairhope.org\/fr\/pour-nous-ils-sont-aveugles-sur-les-plaisirs-dignes-de\/"},"wordCount":1003,"commentCount":0,"image":{"@id":"https:\/\/jazairhope.org\/fr\/pour-nous-ils-sont-aveugles-sur-les-plaisirs-dignes-de\/#primaryimage"},"thumbnailUrl":"https:\/\/jazairhope.org\/wp-content\/uploads\/2020\/07\/man-reading-newspaper-6053.jpg","articleSection":["Articles en vedette","Histoire et Patrimoine"],"inLanguage":"fr-FR","potentialAction":[{"@type":"CommentAction","name":"Comment","target":["https:\/\/jazairhope.org\/fr\/pour-nous-ils-sont-aveugles-sur-les-plaisirs-dignes-de\/#respond"]}]},{"@type":"WebPage","@id":"https:\/\/jazairhope.org\/fr\/pour-nous-ils-sont-aveugles-sur-les-plaisirs-dignes-de\/","url":"https:\/\/jazairhope.org\/fr\/pour-nous-ils-sont-aveugles-sur-les-plaisirs-dignes-de\/","name":"Alger et les r\u00e9volutionnaires, une d\u00e9cennie enchant\u00e9e - AAH.JZR","isPartOf":{"@id":"https:\/\/jazairhope.org\/fr\/#website"},"primaryImageOfPage":{"@id":"https:\/\/jazairhope.org\/fr\/pour-nous-ils-sont-aveugles-sur-les-plaisirs-dignes-de\/#primaryimage"},"image":{"@id":"https:\/\/jazairhope.org\/fr\/pour-nous-ils-sont-aveugles-sur-les-plaisirs-dignes-de\/#primaryimage"},"thumbnailUrl":"https:\/\/jazairhope.org\/wp-content\/uploads\/2020\/07\/man-reading-newspaper-6053.jpg","datePublished":"2020-10-06T06:33:11+00:00","dateModified":"2020-10-11T22:08:43+00:00","author":{"@id":"https:\/\/jazairhope.org\/fr\/#\/schema\/person\/43650ebd889d8960700b5456ed9264c4"},"breadcrumb":{"@id":"https:\/\/jazairhope.org\/fr\/pour-nous-ils-sont-aveugles-sur-les-plaisirs-dignes-de\/#breadcrumb"},"inLanguage":"fr-FR","potentialAction":[{"@type":"ReadAction","target":["https:\/\/jazairhope.org\/fr\/pour-nous-ils-sont-aveugles-sur-les-plaisirs-dignes-de\/"]}]},{"@type":"ImageObject","inLanguage":"fr-FR","@id":"https:\/\/jazairhope.org\/fr\/pour-nous-ils-sont-aveugles-sur-les-plaisirs-dignes-de\/#primaryimage","url":"https:\/\/jazairhope.org\/wp-content\/uploads\/2020\/07\/man-reading-newspaper-6053.jpg","contentUrl":"https:\/\/jazairhope.org\/wp-content\/uploads\/2020\/07\/man-reading-newspaper-6053.jpg","width":350,"height":400},{"@type":"BreadcrumbList","@id":"https:\/\/jazairhope.org\/fr\/pour-nous-ils-sont-aveugles-sur-les-plaisirs-dignes-de\/#breadcrumb","itemListElement":[{"@type":"ListItem","position":1,"name":"Accueil","item":"https:\/\/jazairhope.org\/fr\/"},{"@type":"ListItem","position":2,"name":"Alger et les r\u00e9volutionnaires, une d\u00e9cennie enchant\u00e9e"}]},{"@type":"WebSite","@id":"https:\/\/jazairhope.org\/fr\/#website","url":"https:\/\/jazairhope.org\/fr\/","name":"AAH.JZR","description":"Environment, Health, Science, Art, Economics","potentialAction":[{"@type":"SearchAction","target":{"@type":"EntryPoint","urlTemplate":"https:\/\/jazairhope.org\/fr\/?s={search_term_string}"},"query-input":{"@type":"PropertyValueSpecification","valueRequired":true,"valueName":"search_term_string"}}],"inLanguage":"fr-FR"},{"@type":"Person","@id":"https:\/\/jazairhope.org\/fr\/#\/schema\/person\/43650ebd889d8960700b5456ed9264c4","name":"Ssuperadmin","image":{"@type":"ImageObject","inLanguage":"fr-FR","@id":"https:\/\/secure.gravatar.com\/avatar\/b4068e88b9c557952c81ca0efc4e11e19a2ed480173b8cef95a240894b16bf22?s=96&d=mm&r=g","url":"https:\/\/secure.gravatar.com\/avatar\/b4068e88b9c557952c81ca0efc4e11e19a2ed480173b8cef95a240894b16bf22?s=96&d=mm&r=g","contentUrl":"https:\/\/secure.gravatar.com\/avatar\/b4068e88b9c557952c81ca0efc4e11e19a2ed480173b8cef95a240894b16bf22?s=96&d=mm&r=g","caption":"Ssuperadmin"},"sameAs":["https:\/\/jazairhope.org"],"url":"https:\/\/jazairhope.org\/fr\/author\/superadmin\/"}]}},"views":402,"_links":{"self":[{"href":"https:\/\/jazairhope.org\/fr\/wp-json\/wp\/v2\/posts\/919","targetHints":{"allow":["GET"]}}],"collection":[{"href":"https:\/\/jazairhope.org\/fr\/wp-json\/wp\/v2\/posts"}],"about":[{"href":"https:\/\/jazairhope.org\/fr\/wp-json\/wp\/v2\/types\/post"}],"author":[{"embeddable":true,"href":"https:\/\/jazairhope.org\/fr\/wp-json\/wp\/v2\/users\/1"}],"replies":[{"embeddable":true,"href":"https:\/\/jazairhope.org\/fr\/wp-json\/wp\/v2\/comments?post=919"}],"version-history":[{"count":0,"href":"https:\/\/jazairhope.org\/fr\/wp-json\/wp\/v2\/posts\/919\/revisions"}],"wp:featuredmedia":[{"embeddable":true,"href":"https:\/\/jazairhope.org\/fr\/wp-json\/wp\/v2\/media\/770"}],"wp:attachment":[{"href":"https:\/\/jazairhope.org\/fr\/wp-json\/wp\/v2\/media?parent=919"}],"wp:term":[{"taxonomy":"category","embeddable":true,"href":"https:\/\/jazairhope.org\/fr\/wp-json\/wp\/v2\/categories?post=919"},{"taxonomy":"post_tag","embeddable":true,"href":"https:\/\/jazairhope.org\/fr\/wp-json\/wp\/v2\/tags?post=919"}],"curies":[{"name":"wp","href":"https:\/\/api.w.org\/{rel}","templated":true}]}}