{"id":92274,"date":"2023-10-27T12:00:51","date_gmt":"2023-10-27T11:00:51","guid":{"rendered":"https:\/\/jazairhope.org\/?p=92274"},"modified":"2023-10-27T09:56:04","modified_gmt":"2023-10-27T08:56:04","slug":"la-reduction-de-la-tva-ameliorera-le-pouvoir-dachat-des-citoyens","status":"publish","type":"post","link":"https:\/\/jazairhope.org\/fr\/la-reduction-de-la-tva-ameliorera-le-pouvoir-dachat-des-citoyens\/","title":{"rendered":"la r\u00e9duction de la TVA am\u00e9liorera le pouvoir d&#8217;achat des citoyens"},"content":{"rendered":"<div class=\"itemIntroText col-xs-hidden \">\n<p><strong>Le pr\u00e9sident de l&#8217;Association alg\u00e9rienne de protection et d&#8217;orientation du consommateur et son environnement (APOCE), Mustapha Zebdi, a salu\u00e9 la d\u00e9cision du pr\u00e9sident de la R\u00e9publique, M. Abdelmadjid Tebboune, de r\u00e9duire, au maximum, la taxe sur la valeur ajout\u00e9e (TVA) sur la production avicole et autres produits alimentaires import\u00e9s, en ce qu&#8217;elle entra\u00eenera une baisse des prix sur les march\u00e9s et am\u00e9liorera ainsi le pouvoir d&#8217;achat des citoyens.<\/strong><\/p>\n<\/div>\n<div class=\"itemFullText\">\n<p>Dans une d\u00e9claration \u00e0 l&#8217;APS, M. Zebdi a affirm\u00e9 que cette r\u00e9duction permettra de &#8220;r\u00e9duire le co\u00fbt du produit final, ce qui se traduira par une baisse de son prix sur le march\u00e9 au b\u00e9n\u00e9ficie du consommateur alg\u00e9rien&#8221;.<\/p>\n<blockquote><p><em><strong>Estimant que cette mesure &#8220;est de nature \u00e0 am\u00e9liorer rapidement le pouvoir d&#8217;achat des produits de base, compte tenu de la multiplicit\u00e9 de leurs intrants&#8221;, M. Zebdi a soulign\u00e9 la n\u00e9cessit\u00e9 d&#8217;un suivi sur le terrain par les autorit\u00e9s comp\u00e9tentes pour d\u00e9terminer les prix r\u00e9els de ces produits et emp\u00eacher les interm\u00e9diaires d&#8217;exploiter les marges.<\/strong><\/em><\/p><\/blockquote>\n<p>Les associations de protection des consommateurs avaient demand\u00e9 il y a deux ans une r\u00e9duction de la TVA, a-t-il rappel\u00e9.<\/p>\n<p>Lors de la r\u00e9union du Conseil des ministres, tenue mercredi et consacr\u00e9e \u00e0 l&#8217;examen du projet de loi de finances 2024 (PLF 2024), le pr\u00e9sident de la R\u00e9publique a ordonn\u00e9 &#8220;l&#8217;annulation de la taxe sur l&#8217;activit\u00e9 professionnelle (TAP), la r\u00e9duction, au maximum, de la TVA pour la production avicole et les produits alimentaires import\u00e9s de mani\u00e8re g\u00e9n\u00e9rale&#8221;, insistant sur &#8220;l&#8217;imp\u00e9ratif d&#8217;accorder la priorit\u00e9 \u00e0 la pr\u00e9servation du pouvoir d&#8217;achat des citoyens, avec les moyens disponibles et en tenant compte des \u00e9quilibres financiers&#8221;.<\/p>\n<p>APS<\/p>\n<\/div>\n","protected":false},"excerpt":{"rendered":"<p>Le pr\u00e9sident de l&#8217;Association alg\u00e9rienne de protection et d&#8217;orientation du consommateur et son environnement (APOCE), Mustapha Zebdi, a salu\u00e9 la d\u00e9cision du&hellip;<\/p>\n","protected":false},"author":50,"featured_media":92275,"comment_status":"open","ping_status":"closed","sticky":false,"template":"","format":"standard","meta":{"_lmt_disableupdate":"","_lmt_disable":"","footnotes":""},"categories":[39,35],"tags":[],"class_list":["post-92274","post","type-post","status-publish","format-standard","has-post-thumbnail","hentry","category-articles-en-vedette","category-economie"],"yoast_head":"<!-- This site is optimized with the Yoast SEO plugin v27.3 - https:\/\/yoast.com\/product\/yoast-seo-wordpress\/ -->\n<title>la r\u00e9duction de la TVA am\u00e9liorera le pouvoir d&#039;achat des citoyens - AAH.JZR<\/title>\n<meta name=\"robots\" content=\"index, follow, max-snippet:-1, max-image-preview:large, max-video-preview:-1\" \/>\n<link rel=\"canonical\" href=\"https:\/\/jazairhope.org\/fr\/la-reduction-de-la-tva-ameliorera-le-pouvoir-dachat-des-citoyens\/\" \/>\n<meta property=\"og:locale\" content=\"fr_FR\" \/>\n<meta property=\"og:type\" content=\"article\" \/>\n<meta property=\"og:title\" content=\"la r\u00e9duction de la TVA am\u00e9liorera le pouvoir d&#039;achat des citoyens - AAH.JZR\" \/>\n<meta property=\"og:description\" content=\"Le pr\u00e9sident de l&#8217;Association alg\u00e9rienne de protection et d&#8217;orientation du consommateur et son environnement (APOCE), Mustapha Zebdi, a salu\u00e9 la d\u00e9cision du&hellip;\" \/>\n<meta property=\"og:url\" content=\"https:\/\/jazairhope.org\/fr\/la-reduction-de-la-tva-ameliorera-le-pouvoir-dachat-des-citoyens\/\" \/>\n<meta property=\"og:site_name\" content=\"AAH.JZR\" \/>\n<meta property=\"article:publisher\" content=\"https:\/\/www.facebook.com\/jazairhope\" \/>\n<meta property=\"article:published_time\" content=\"2023-10-27T11:00:51+00:00\" \/>\n<meta property=\"og:image\" content=\"https:\/\/jazairhope.org\/wp-content\/uploads\/2023\/10\/jh-89.jpg\" \/>\n\t<meta property=\"og:image:width\" content=\"580\" \/>\n\t<meta property=\"og:image:height\" content=\"350\" \/>\n\t<meta property=\"og:image:type\" content=\"image\/jpeg\" \/>\n<meta name=\"author\" content=\"Hope Jzr\" \/>\n<meta name=\"twitter:card\" content=\"summary_large_image\" \/>\n<meta name=\"twitter:label1\" content=\"\u00c9crit par\" \/>\n\t<meta name=\"twitter:data1\" content=\"Hope Jzr\" \/>\n\t<meta name=\"twitter:label2\" content=\"Dur\u00e9e de lecture estim\u00e9e\" \/>\n\t<meta name=\"twitter:data2\" content=\"1 minute\" \/>\n<script type=\"application\/ld+json\" class=\"yoast-schema-graph\">{\"@context\":\"https:\\\/\\\/schema.org\",\"@graph\":[{\"@type\":\"Article\",\"@id\":\"https:\\\/\\\/jazairhope.org\\\/fr\\\/la-reduction-de-la-tva-ameliorera-le-pouvoir-dachat-des-citoyens\\\/#article\",\"isPartOf\":{\"@id\":\"https:\\\/\\\/jazairhope.org\\\/fr\\\/la-reduction-de-la-tva-ameliorera-le-pouvoir-dachat-des-citoyens\\\/\"},\"author\":{\"name\":\"Hope Jzr\",\"@id\":\"https:\\\/\\\/jazairhope.org\\\/fr\\\/#\\\/schema\\\/person\\\/0b50f60fad840cf92313307e38c9d20d\"},\"headline\":\"la r\u00e9duction de la TVA am\u00e9liorera le pouvoir d&#8217;achat des citoyens\",\"datePublished\":\"2023-10-27T11:00:51+00:00\",\"mainEntityOfPage\":{\"@id\":\"https:\\\/\\\/jazairhope.org\\\/fr\\\/la-reduction-de-la-tva-ameliorera-le-pouvoir-dachat-des-citoyens\\\/\"},\"wordCount\":324,\"commentCount\":0,\"image\":{\"@id\":\"https:\\\/\\\/jazairhope.org\\\/fr\\\/la-reduction-de-la-tva-ameliorera-le-pouvoir-dachat-des-citoyens\\\/#primaryimage\"},\"thumbnailUrl\":\"https:\\\/\\\/jazairhope.org\\\/wp-content\\\/uploads\\\/2023\\\/10\\\/jh-89.jpg\",\"articleSection\":[\"Articles en vedette\",\"\u00c9conomie\"],\"inLanguage\":\"fr-FR\",\"potentialAction\":[{\"@type\":\"CommentAction\",\"name\":\"Comment\",\"target\":[\"https:\\\/\\\/jazairhope.org\\\/fr\\\/la-reduction-de-la-tva-ameliorera-le-pouvoir-dachat-des-citoyens\\\/#respond\"]}]},{\"@type\":\"WebPage\",\"@id\":\"https:\\\/\\\/jazairhope.org\\\/fr\\\/la-reduction-de-la-tva-ameliorera-le-pouvoir-dachat-des-citoyens\\\/\",\"url\":\"https:\\\/\\\/jazairhope.org\\\/fr\\\/la-reduction-de-la-tva-ameliorera-le-pouvoir-dachat-des-citoyens\\\/\",\"name\":\"la r\u00e9duction de la TVA am\u00e9liorera le pouvoir d'achat des citoyens - AAH.JZR\",\"isPartOf\":{\"@id\":\"https:\\\/\\\/jazairhope.org\\\/fr\\\/#website\"},\"primaryImageOfPage\":{\"@id\":\"https:\\\/\\\/jazairhope.org\\\/fr\\\/la-reduction-de-la-tva-ameliorera-le-pouvoir-dachat-des-citoyens\\\/#primaryimage\"},\"image\":{\"@id\":\"https:\\\/\\\/jazairhope.org\\\/fr\\\/la-reduction-de-la-tva-ameliorera-le-pouvoir-dachat-des-citoyens\\\/#primaryimage\"},\"thumbnailUrl\":\"https:\\\/\\\/jazairhope.org\\\/wp-content\\\/uploads\\\/2023\\\/10\\\/jh-89.jpg\",\"datePublished\":\"2023-10-27T11:00:51+00:00\",\"author\":{\"@id\":\"https:\\\/\\\/jazairhope.org\\\/fr\\\/#\\\/schema\\\/person\\\/0b50f60fad840cf92313307e38c9d20d\"},\"breadcrumb\":{\"@id\":\"https:\\\/\\\/jazairhope.org\\\/fr\\\/la-reduction-de-la-tva-ameliorera-le-pouvoir-dachat-des-citoyens\\\/#breadcrumb\"},\"inLanguage\":\"fr-FR\",\"potentialAction\":[{\"@type\":\"ReadAction\",\"target\":[\"https:\\\/\\\/jazairhope.org\\\/fr\\\/la-reduction-de-la-tva-ameliorera-le-pouvoir-dachat-des-citoyens\\\/\"]}]},{\"@type\":\"ImageObject\",\"inLanguage\":\"fr-FR\",\"@id\":\"https:\\\/\\\/jazairhope.org\\\/fr\\\/la-reduction-de-la-tva-ameliorera-le-pouvoir-dachat-des-citoyens\\\/#primaryimage\",\"url\":\"https:\\\/\\\/jazairhope.org\\\/wp-content\\\/uploads\\\/2023\\\/10\\\/jh-89.jpg\",\"contentUrl\":\"https:\\\/\\\/jazairhope.org\\\/wp-content\\\/uploads\\\/2023\\\/10\\\/jh-89.jpg\",\"width\":580,\"height\":350},{\"@type\":\"BreadcrumbList\",\"@id\":\"https:\\\/\\\/jazairhope.org\\\/fr\\\/la-reduction-de-la-tva-ameliorera-le-pouvoir-dachat-des-citoyens\\\/#breadcrumb\",\"itemListElement\":[{\"@type\":\"ListItem\",\"position\":1,\"name\":\"Accueil\",\"item\":\"https:\\\/\\\/jazairhope.org\\\/fr\\\/\"},{\"@type\":\"ListItem\",\"position\":2,\"name\":\"la r\u00e9duction de la TVA am\u00e9liorera le pouvoir d&#8217;achat des citoyens\"}]},{\"@type\":\"WebSite\",\"@id\":\"https:\\\/\\\/jazairhope.org\\\/fr\\\/#website\",\"url\":\"https:\\\/\\\/jazairhope.org\\\/fr\\\/\",\"name\":\"AAH.JZR\",\"description\":\"Environment, Health, Science, Art, Economics\",\"potentialAction\":[{\"@type\":\"SearchAction\",\"target\":{\"@type\":\"EntryPoint\",\"urlTemplate\":\"https:\\\/\\\/jazairhope.org\\\/fr\\\/?s={search_term_string}\"},\"query-input\":{\"@type\":\"PropertyValueSpecification\",\"valueRequired\":true,\"valueName\":\"search_term_string\"}}],\"inLanguage\":\"fr-FR\"},{\"@type\":\"Person\",\"@id\":\"https:\\\/\\\/jazairhope.org\\\/fr\\\/#\\\/schema\\\/person\\\/0b50f60fad840cf92313307e38c9d20d\",\"name\":\"Hope Jzr\",\"image\":{\"@type\":\"ImageObject\",\"inLanguage\":\"fr-FR\",\"@id\":\"https:\\\/\\\/secure.gravatar.com\\\/avatar\\\/0a42f66f14ba94b77f351f3bb2f3b9389c4063acb1697ffb32f5d3944782d3e7?s=96&d=mm&r=g\",\"url\":\"https:\\\/\\\/secure.gravatar.com\\\/avatar\\\/0a42f66f14ba94b77f351f3bb2f3b9389c4063acb1697ffb32f5d3944782d3e7?s=96&d=mm&r=g\",\"contentUrl\":\"https:\\\/\\\/secure.gravatar.com\\\/avatar\\\/0a42f66f14ba94b77f351f3bb2f3b9389c4063acb1697ffb32f5d3944782d3e7?s=96&d=mm&r=g\",\"caption\":\"Hope Jzr\"},\"description\":\"\u00c0 propos de Hope&amp;ChaDia Hope&amp;ChaDia n\u2019est pas un pseudonyme, mais une m\u00e9thode de travail. Hope : l\u2019id\u00e9e, l\u2019esprit, la structure, la vision. C\u2019est l\u2019impulsion humaine qui choisit l\u2019angle, trace la ligne \u00e9ditoriale et donne le sens. ChaDia : l\u2019assistante, qui met en forme, d\u00e9veloppe, affine le style et v\u00e9rifie les faits. Une aide technologique qui amplifie mais ne cr\u00e9e pas. Ensemble, Hope&amp;ChaDia produisent des textes hybrides : profond\u00e9ment humains dans leur inspiration, rigoureux et pr\u00e9cis dans leur r\u00e9alisation. . . SUPPORTEZ JAZAIRHOPE ET FAITES CONNA\u00ceTRE LE PATRIMOINE ET L\u2019HISTOIRE DE L\u2019ALG\u00c9RIE, EN ACHETANT LE LIVRE DE JAZAIRHOPE POUR VOUS OU POUR L\u2019OFFRIR A VOS PROCHES, ICI : https:\\\/\\\/jazairhope.org\\\/fr\\\/ebook\\\/ CEUX EN ALG\u00c9RIE ET CEUX QUI PEUVENT PAS L\u2019ACHETER ON OFFRE UNE COPIE DIGITALE GRATUITE, POUR CELA ENVOYEZ UN EMAIL \u00c0 : INFO@JAZAIRHOPE.ORG\",\"url\":\"https:\\\/\\\/jazairhope.org\\\/fr\\\/author\\\/hope-jazair\\\/\"}]}<\/script>\n<!-- \/ Yoast SEO plugin. -->","yoast_head_json":{"title":"la r\u00e9duction de la TVA am\u00e9liorera le pouvoir d'achat des citoyens - AAH.JZR","robots":{"index":"index","follow":"follow","max-snippet":"max-snippet:-1","max-image-preview":"max-image-preview:large","max-video-preview":"max-video-preview:-1"},"canonical":"https:\/\/jazairhope.org\/fr\/la-reduction-de-la-tva-ameliorera-le-pouvoir-dachat-des-citoyens\/","og_locale":"fr_FR","og_type":"article","og_title":"la r\u00e9duction de la TVA am\u00e9liorera le pouvoir d'achat des citoyens - AAH.JZR","og_description":"Le pr\u00e9sident de l&#8217;Association alg\u00e9rienne de protection et d&#8217;orientation du consommateur et son environnement (APOCE), Mustapha Zebdi, a salu\u00e9 la d\u00e9cision du&hellip;","og_url":"https:\/\/jazairhope.org\/fr\/la-reduction-de-la-tva-ameliorera-le-pouvoir-dachat-des-citoyens\/","og_site_name":"AAH.JZR","article_publisher":"https:\/\/www.facebook.com\/jazairhope","article_published_time":"2023-10-27T11:00:51+00:00","og_image":[{"width":580,"height":350,"url":"https:\/\/jazairhope.org\/wp-content\/uploads\/2023\/10\/jh-89.jpg","type":"image\/jpeg"}],"author":"Hope Jzr","twitter_card":"summary_large_image","twitter_misc":{"\u00c9crit par":"Hope Jzr","Dur\u00e9e de lecture estim\u00e9e":"1 minute"},"schema":{"@context":"https:\/\/schema.org","@graph":[{"@type":"Article","@id":"https:\/\/jazairhope.org\/fr\/la-reduction-de-la-tva-ameliorera-le-pouvoir-dachat-des-citoyens\/#article","isPartOf":{"@id":"https:\/\/jazairhope.org\/fr\/la-reduction-de-la-tva-ameliorera-le-pouvoir-dachat-des-citoyens\/"},"author":{"name":"Hope Jzr","@id":"https:\/\/jazairhope.org\/fr\/#\/schema\/person\/0b50f60fad840cf92313307e38c9d20d"},"headline":"la r\u00e9duction de la TVA am\u00e9liorera le pouvoir d&#8217;achat des citoyens","datePublished":"2023-10-27T11:00:51+00:00","mainEntityOfPage":{"@id":"https:\/\/jazairhope.org\/fr\/la-reduction-de-la-tva-ameliorera-le-pouvoir-dachat-des-citoyens\/"},"wordCount":324,"commentCount":0,"image":{"@id":"https:\/\/jazairhope.org\/fr\/la-reduction-de-la-tva-ameliorera-le-pouvoir-dachat-des-citoyens\/#primaryimage"},"thumbnailUrl":"https:\/\/jazairhope.org\/wp-content\/uploads\/2023\/10\/jh-89.jpg","articleSection":["Articles en vedette","\u00c9conomie"],"inLanguage":"fr-FR","potentialAction":[{"@type":"CommentAction","name":"Comment","target":["https:\/\/jazairhope.org\/fr\/la-reduction-de-la-tva-ameliorera-le-pouvoir-dachat-des-citoyens\/#respond"]}]},{"@type":"WebPage","@id":"https:\/\/jazairhope.org\/fr\/la-reduction-de-la-tva-ameliorera-le-pouvoir-dachat-des-citoyens\/","url":"https:\/\/jazairhope.org\/fr\/la-reduction-de-la-tva-ameliorera-le-pouvoir-dachat-des-citoyens\/","name":"la r\u00e9duction de la TVA am\u00e9liorera le pouvoir d'achat des citoyens - AAH.JZR","isPartOf":{"@id":"https:\/\/jazairhope.org\/fr\/#website"},"primaryImageOfPage":{"@id":"https:\/\/jazairhope.org\/fr\/la-reduction-de-la-tva-ameliorera-le-pouvoir-dachat-des-citoyens\/#primaryimage"},"image":{"@id":"https:\/\/jazairhope.org\/fr\/la-reduction-de-la-tva-ameliorera-le-pouvoir-dachat-des-citoyens\/#primaryimage"},"thumbnailUrl":"https:\/\/jazairhope.org\/wp-content\/uploads\/2023\/10\/jh-89.jpg","datePublished":"2023-10-27T11:00:51+00:00","author":{"@id":"https:\/\/jazairhope.org\/fr\/#\/schema\/person\/0b50f60fad840cf92313307e38c9d20d"},"breadcrumb":{"@id":"https:\/\/jazairhope.org\/fr\/la-reduction-de-la-tva-ameliorera-le-pouvoir-dachat-des-citoyens\/#breadcrumb"},"inLanguage":"fr-FR","potentialAction":[{"@type":"ReadAction","target":["https:\/\/jazairhope.org\/fr\/la-reduction-de-la-tva-ameliorera-le-pouvoir-dachat-des-citoyens\/"]}]},{"@type":"ImageObject","inLanguage":"fr-FR","@id":"https:\/\/jazairhope.org\/fr\/la-reduction-de-la-tva-ameliorera-le-pouvoir-dachat-des-citoyens\/#primaryimage","url":"https:\/\/jazairhope.org\/wp-content\/uploads\/2023\/10\/jh-89.jpg","contentUrl":"https:\/\/jazairhope.org\/wp-content\/uploads\/2023\/10\/jh-89.jpg","width":580,"height":350},{"@type":"BreadcrumbList","@id":"https:\/\/jazairhope.org\/fr\/la-reduction-de-la-tva-ameliorera-le-pouvoir-dachat-des-citoyens\/#breadcrumb","itemListElement":[{"@type":"ListItem","position":1,"name":"Accueil","item":"https:\/\/jazairhope.org\/fr\/"},{"@type":"ListItem","position":2,"name":"la r\u00e9duction de la TVA am\u00e9liorera le pouvoir d&#8217;achat des citoyens"}]},{"@type":"WebSite","@id":"https:\/\/jazairhope.org\/fr\/#website","url":"https:\/\/jazairhope.org\/fr\/","name":"AAH.JZR","description":"Environment, Health, Science, Art, Economics","potentialAction":[{"@type":"SearchAction","target":{"@type":"EntryPoint","urlTemplate":"https:\/\/jazairhope.org\/fr\/?s={search_term_string}"},"query-input":{"@type":"PropertyValueSpecification","valueRequired":true,"valueName":"search_term_string"}}],"inLanguage":"fr-FR"},{"@type":"Person","@id":"https:\/\/jazairhope.org\/fr\/#\/schema\/person\/0b50f60fad840cf92313307e38c9d20d","name":"Hope Jzr","image":{"@type":"ImageObject","inLanguage":"fr-FR","@id":"https:\/\/secure.gravatar.com\/avatar\/0a42f66f14ba94b77f351f3bb2f3b9389c4063acb1697ffb32f5d3944782d3e7?s=96&d=mm&r=g","url":"https:\/\/secure.gravatar.com\/avatar\/0a42f66f14ba94b77f351f3bb2f3b9389c4063acb1697ffb32f5d3944782d3e7?s=96&d=mm&r=g","contentUrl":"https:\/\/secure.gravatar.com\/avatar\/0a42f66f14ba94b77f351f3bb2f3b9389c4063acb1697ffb32f5d3944782d3e7?s=96&d=mm&r=g","caption":"Hope Jzr"},"description":"\u00c0 propos de Hope&amp;ChaDia Hope&amp;ChaDia n\u2019est pas un pseudonyme, mais une m\u00e9thode de travail. Hope : l\u2019id\u00e9e, l\u2019esprit, la structure, la vision. C\u2019est l\u2019impulsion humaine qui choisit l\u2019angle, trace la ligne \u00e9ditoriale et donne le sens. ChaDia : l\u2019assistante, qui met en forme, d\u00e9veloppe, affine le style et v\u00e9rifie les faits. Une aide technologique qui amplifie mais ne cr\u00e9e pas. Ensemble, Hope&amp;ChaDia produisent des textes hybrides : profond\u00e9ment humains dans leur inspiration, rigoureux et pr\u00e9cis dans leur r\u00e9alisation. . . SUPPORTEZ JAZAIRHOPE ET FAITES CONNA\u00ceTRE LE PATRIMOINE ET L\u2019HISTOIRE DE L\u2019ALG\u00c9RIE, EN ACHETANT LE LIVRE DE JAZAIRHOPE POUR VOUS OU POUR L\u2019OFFRIR A VOS PROCHES, ICI : https:\/\/jazairhope.org\/fr\/ebook\/ CEUX EN ALG\u00c9RIE ET CEUX QUI PEUVENT PAS L\u2019ACHETER ON OFFRE UNE COPIE DIGITALE GRATUITE, POUR CELA ENVOYEZ UN EMAIL \u00c0 : INFO@JAZAIRHOPE.ORG","url":"https:\/\/jazairhope.org\/fr\/author\/hope-jazair\/"}]}},"views":241,"_links":{"self":[{"href":"https:\/\/jazairhope.org\/fr\/wp-json\/wp\/v2\/posts\/92274","targetHints":{"allow":["GET"]}}],"collection":[{"href":"https:\/\/jazairhope.org\/fr\/wp-json\/wp\/v2\/posts"}],"about":[{"href":"https:\/\/jazairhope.org\/fr\/wp-json\/wp\/v2\/types\/post"}],"author":[{"embeddable":true,"href":"https:\/\/jazairhope.org\/fr\/wp-json\/wp\/v2\/users\/50"}],"replies":[{"embeddable":true,"href":"https:\/\/jazairhope.org\/fr\/wp-json\/wp\/v2\/comments?post=92274"}],"version-history":[{"count":1,"href":"https:\/\/jazairhope.org\/fr\/wp-json\/wp\/v2\/posts\/92274\/revisions"}],"predecessor-version":[{"id":92278,"href":"https:\/\/jazairhope.org\/fr\/wp-json\/wp\/v2\/posts\/92274\/revisions\/92278"}],"wp:featuredmedia":[{"embeddable":true,"href":"https:\/\/jazairhope.org\/fr\/wp-json\/wp\/v2\/media\/92275"}],"wp:attachment":[{"href":"https:\/\/jazairhope.org\/fr\/wp-json\/wp\/v2\/media?parent=92274"}],"wp:term":[{"taxonomy":"category","embeddable":true,"href":"https:\/\/jazairhope.org\/fr\/wp-json\/wp\/v2\/categories?post=92274"},{"taxonomy":"post_tag","embeddable":true,"href":"https:\/\/jazairhope.org\/fr\/wp-json\/wp\/v2\/tags?post=92274"}],"curies":[{"name":"wp","href":"https:\/\/api.w.org\/{rel}","templated":true}]}}