{"id":93401,"date":"2023-11-25T10:00:45","date_gmt":"2023-11-25T09:00:45","guid":{"rendered":"https:\/\/jazairhope.org\/?p=93401"},"modified":"2023-11-24T17:36:27","modified_gmt":"2023-11-24T16:36:27","slug":"mais-qui-est-donc-benyamin-netanyahou","status":"publish","type":"post","link":"https:\/\/jazairhope.org\/fr\/mais-qui-est-donc-benyamin-netanyahou\/","title":{"rendered":"Mais qui est donc Benyamin Netanyahou ?"},"content":{"rendered":"<p><span style=\"font-family: Helvetica\"><em><strong>Par Abdelkader Leklek<\/strong><\/em><\/span><br \/>\n<span style=\"font-family: Helvetica\">Comme premi\u00e8re facette avec deux autres qui suivront et en guise de r\u00e9ponse \u00e0 ma question de pr\u00e9sentation, je donnerai, n\u00fbment, un avant-go\u00fbt de la glaise dont est p\u00e9tri Benyamin.<\/span><br \/>\n<span style=\"font-family: Helvetica\">J\u2019ai d\u00e9couvert, sans surprise, que c\u2019est un Premier ministre qui d\u00e9tient tous les pouvoirs, dans un r\u00e9gime parlementaire, qui a \u00e9t\u00e9 incapable de prot\u00e9ger des colons spoliateurs de terres, face \u00e0 la d\u00e9termination de jeunes Palestiniens, qui, le 7 octobre 2023, avaient os\u00e9 affronter et d\u00e9faire \u00e0 mains nues l\u2019arm\u00e9e isra\u00e9lienne pour la d\u00e9mythifier. Ce jour-l\u00e0, ils rappel\u00e8rent au monde insouciant dans son confort de l\u2019arabe normalisation, et indiff\u00e9rent, que Ghaza est un ghetto o\u00f9 il est infernal de vivre et d\u2019o\u00f9 il est impossible de sortir. Que l\u2019on attribue la d\u00e9culott\u00e9e des forces isra\u00e9liennes aux multiples dysfonctionnements de toutes leurs composantes, cens\u00e9es \u00eatres invincibles, ou bien au g\u00e9nie de ces audacieux jeunes Palestiniens, l\u2019\u00e9chec historique, grav\u00e9 et retentissant, de Tsahal est l\u00e0. Il est patent. Le Premier ministre est d\u00e9fait, genou \u00e0 terre.<\/span><br \/>\n<span style=\"font-family: Helvetica\">D\u00e8s lors, pour trompeusement se racheter, comme une b\u00eate bless\u00e9e, d\u2019un c\u00f4t\u00e9, il n\u2019h\u00e9site pas \u00e0 priver des gosses, des femmes et des vieillards d\u2019eau, de m\u00e9dicaments et de nourriture. D\u00e9cha\u00een\u00e9, il d\u00e9truit leurs maisons, leurs h\u00f4pitaux et leurs mosqu\u00e9es. Enrag\u00e9, il les br\u00fble en les bombardant avec du phosphore blanc, c\u2019est une extermination planifi\u00e9e. \u00abC\u2019est un criminel de guerre\u00bb, dit de lui Jacques Attali. Oui, c\u2019est un t\u00e9moignage d\u2019aujourd\u2019hui pour que demain les forces occidentales qui soutiennent Isra\u00ebl dans sa folie ne puissent dire : on ne le savait pas. C&#8217;est-\u00e0-dire au moment de rendre des comptes. Ce sera tr\u00e8s prochainement pour Benyamin Netanyahou et plus tard pour ses complices notoires ou bien souterrains.<\/span><br \/>\n<span style=\"font-family: Helvetica\">De l\u2019autre, en \u00e9tat de panique et incons\u00e9quent. Au lieu de r\u00e9pondre pr\u00e9sent, en bon soldat, Benyamin choisit, ce 7 octobre 2023, \u00e0 1heure 10 minutes, de se d\u00e9fausser de ses responsabilit\u00e9s en d\u00e9clarant sur le r\u00e9seau X (ex-Tweeter) ne pas avoir \u00e9t\u00e9 pr\u00e9venu par le Shin Bet \u2014 service de s\u00e9curit\u00e9 interne \u2014 et les renseignements militaires des desseins d\u2019attaque de Hamas. Mais rapidement rappel\u00e9 \u00e0 l\u2019ordre, il se d\u00e9p\u00eacha de r\u00e9trop\u00e9daler affichant sa versatilit\u00e9, il effa\u00e7a son message. Il pr\u00e9sente alors des excuses et reconna\u00eet \u00abavoir eu tort en pleine nuit et en pleine guerre d\u2019avoir renvoy\u00e9 la responsabilit\u00e9 de l\u2019impr\u00e9paration d\u2019Isra\u00ebl le samedi 7 octobre sur les forces de s\u00e9curit\u00e9\u00bb. Du jamais vu dans de pareilles sph\u00e8res de commandement. Lui qui, pourtant, avait servi dans l\u2019unit\u00e9 Sayeret Matkal des forces sp\u00e9ciales isra\u00e9liennes de 1967 \u00e0 1972, apr\u00e8s son service militaire dans les parachutistes. Le jour de la d\u00e9faite de Tsahal, il s\u2019est d\u2019un coup, sous ses pulsions \u00e9gocentriques, maladives, irr\u00e9pressibles, pelotonn\u00e9 sur sa petite personne, contre tous, pour demeurer \u00e0 son poste. Oui, le capitaine Benyamin Netanyahou s\u2019est nerveusement d\u00e9solidaris\u00e9 de ses compagnons d\u2019armes, quand il sut que de jeunes Palestiniens avaient, eux, ce 7 octobre 2023, d\u00e9cid\u00e9 d\u2019assumer leur devoir envers leur peuple opprim\u00e9 \u00e0 Ghaza. Il pointa alors du doigt tout le monde, sauf lui-m\u00eame.<\/span><br \/>\n<span style=\"font-family: Helvetica\">Bouscul\u00e9, d\u00e9sempar\u00e9 et dans le d\u00e9ni de reconna\u00eetre sa responsabilit\u00e9 dans ce cataclysme face \u00e0 l\u2019opinion publique isra\u00e9lienne, en particulier le lobby des colons, comme pour ses acolytes militaires, Benyamin refusa de voir que le mal \u00e9tait fait et que les excuses ne changeront rien au cours de l\u2019Histoire depuis ce m\u00e9morable 7 octobre 2023. D\u00e8s lors, il invoqua le Tanakh, la bible h\u00e9bra\u00efque, en paraphrasant le proph\u00e8te Isa\u00efe, lors d\u2019un discours le 25 octobre 2023 \u00e0 la t\u00e9l\u00e9, bien \u00e0 la bourre, il bavassa : \u00abIl n\u2019y aura plus de voleurs dans vos fronti\u00e8res et vos portes seront glorieuses.\u00bb<\/span><br \/>\n<span style=\"font-family: Helvetica\">Sans comparaison aucune, mais un simple rappel de l\u2019Histoire. Lors de la d\u00e9b\u00e2cle de la guerre, dite des six jours, du 5 au 10 juin 1967, Djamel Abdelnasser d\u00e9missionna le 9 juin. Il assuma sa responsabilit\u00e9 dans la d\u00e9faite. Il confirma alors qu\u2019il \u00e9tait \u00abpr\u00eat \u00e0 porter l\u2019enti\u00e8re responsabilit\u00e9 de ce revers\u00bb. Il d\u00e9cida de \u00abse retirer de sa charge puis servir l\u2019\u00c9gypte comme simple soldat\u00bb, avait-il affirm\u00e9.<\/span><br \/>\n<span style=\"font-family: Helvetica\">En seconde facette, Benyamin est un z\u00e9lote contemporain. Un Kana\u00ef\/Kan\u2019\u00eem, en h\u00e9breux. C&#8217;est-\u00e0-dire : un z\u00e9l\u00e9. Un jaloux au nom de Dieu. Autrement dit, une personne fanatique dans la d\u00e9fense de sa cause, quand bien m\u00eame il s\u2019agirait d\u2019un mensonge.<\/span><br \/>\n<span style=\"font-family: Helvetica\">Dans son cas, c\u2019est un \u00eatre radical et aveugl\u00e9ment attach\u00e9 \u00e0 un leurre dit identit\u00e9 sioniste juive. Un sionisme d\u2019extr\u00eame droite dont les promoteurs furent des admirateurs de Mussolini et sur la liste desquels figure le propre p\u00e8re de Benyamin : Bension Netanyahou.<\/span><br \/>\n<span style=\"font-family: Helvetica\">Cependant, le Benjamin est un z\u00e9lote \u00e0 rebours. Z\u00e9lote contemporain car pour d\u00e9fendre son sionisme radical et supr\u00e9maciste, il utilise les outils, les instruments, les forces financi\u00e8res et m\u00e9diatiques, les attitudes et les comportements du XXIe si\u00e8cle. Il dispose, pour ce faire, des lobbys poss\u00e9dant le monopole des nouvelles technologies et des r\u00e9seaux des g\u00e9ants de l\u2019industrie de l\u2019armement de destruction massive le plus sophistiqu\u00e9.<\/span><br \/>\n<span style=\"font-family: Helvetica\">Si parmi les premiers z\u00e9lotes, ces H\u00e9breux de l\u2019\u00e9poque romaine, pouvaient se trouver des anc\u00eatres des actuels Palestiniens \u2014 l\u2019islam n\u2019\u00e9tant pas encore apparu \u2014, Benyamin et toute sa lign\u00e9e, en revanche, sont, eux, venus de Lituanie fanatiquement charg\u00e9s pour expulser les autochtones palestiniens et m\u00eame les Juifs qui ne partageaient pas la m\u00eame id\u00e9ologie raciste et anti-arabe.<\/span><br \/>\n<span style=\"font-family: Helvetica\">D\u2019ailleurs, et pour preuve s\u2019il en fallait, aux fins de garder son poste, Benyamin n\u2019a pas h\u00e9sit\u00e9 \u00e0 s\u2019allier avec ce parti th\u00e9ocratique d\u2019extr\u00eame droite, Otzma Yehudit, ou \u00abForce juive\u00bb, dont les militants suivent les principes \u00e9labor\u00e9s par l\u2019authentique raciste av\u00e9r\u00e9 et non moins officiel, le rabbin terroriste Meir Kahane. En contre-partie, il leur a offert trois portefeuilles minist\u00e9riels dans son sixi\u00e8me gouvernement du 29\/12\/2022 et les a reconduits dans celui dit d\u2019unit\u00e9 et d\u2019urgence nationale du 12\/10\/2023, c&#8217;est-\u00e0-dire d\u2019apr\u00e8s l\u2019humiliation du 7\/10\/2023. Y figurent Itamar Ben-Gvir, ministre de la S\u00e9curit\u00e9 nationale, Yitzhak Wasserlauf, ministre du N\u00e9guev, de Galil\u00e9e et de la R\u00e9silience nationale, et, enfin, celui qui pr\u00e9conise de bombarder Ghaza avec du nucl\u00e9aire pour en finir une fois pour toutes, Amihai Eliyahou, ministre du Patrimoine.<\/span><br \/>\n<span style=\"font-family: Helvetica\">Dans la corporation des sectateurs jusqu\u2019au-boutistes, qui foisonnent dans les sph\u00e8res d\u00e9cisionnelles des \u00e9tats-majors de l\u2019Occident aussi, il n\u2019existe aucune limite au d\u00e9vergondage subversif. Le jour m\u00eame de la nomination du cabinet isra\u00e9lien d\u2019unit\u00e9 et d\u2019urgence nationale, Henry Kessinger, aujourd\u2019hui centenaire, d\u00e9clarait \u00e0 propos des manifestations de soutien au peuple palestinien en Allemagne : \u00abC&#8217;\u00e9tait une grave erreur de laisser entrer autant de gens de culture, de religion et de concepts totalement diff\u00e9rents, car cela cr\u00e9e un groupe de pression \u00e0 l&#8217;int\u00e9rieur de chaque pays qui a fait la m\u00eame chose.\u00bb Personne ne savait sur terre que Geronimo, Black Hawk, ou bien Sitting Bull, sinon Crazy Horse, \u00e9taient les anc\u00eatres de Heinz, devenu Henry Kissinger. Tout le monde le savait n\u00e9 Juif bavarois en 1923 et \u00e9migr\u00e9 aux \u00c9tats-Unis en 1938, pour tardivement devenir Am\u00e9ricain, en 1943.<\/span><br \/>\n<span style=\"font-family: Helvetica\">Dans cette cabale, ils sont chacun et ensemble, id\u00e9ologiquement, convaincus d\u2019\u00eatre des dominants et des r\u00e9dempteurs universels. Ils sont intransigeants sur tout, raides, rigides et pareillement ferm\u00e9s. Chez eux, la violence est une premi\u00e8re nature. Ils sont dans le d\u00e9ni des adversit\u00e9s, des catastrophes, des exils, des d\u00e9portations et des autres barbaries qu\u2019ils infligent aux autres humains.<\/span><br \/>\n<span style=\"font-family: Helvetica\">Benyamin, lui, a de qui tenir. Il est marqu\u00e9 jusqu\u2019\u00e0 l\u2019os par les th\u00e9ories r\u00e9visionnistes de son p\u00e8re, Bension Netanyahou, qui est l\u2019un des id\u00e9ologues de l\u2019Irgoun, cette organisation terroriste qui massacra des milliers de Palestiniens de 1937 \u00e0 1948. Son rejeton Benyamin, faute de pouvoir en \u00eatre l\u2019h\u00e9ritier doctrinaire, en est le pur produit, il en est devenu le sanguinaire ap\u00f4tre. Bension est n\u00e9 en 1910 \u00e0 Varsovie, il est pr\u00e9sent\u00e9 comme historien sp\u00e9cialiste de la question juive sous l\u2019Inquisition en Espagne. Dans ses publications, il affirme que les Juifs s\u00e9pharades d\u2019Espagne furent pers\u00e9cut\u00e9s par les tribunaux de l\u2019Inquisition non parce qu\u2019ils sont juifs, mais pour des motifs sociaux et \u00e9conomiques. Ils s\u2019\u00e9taient, selon lui, convertis au christianisme pour pr\u00e9server leur ascendant et leur capacit\u00e9 d\u2019influence sur les affaires du royaume d\u2019Espagne. Se basant sur ses propres conclusions tir\u00e9es de th\u00e8ses rabbiniques uniquement, Bension les a catalogu\u00e9s comme ren\u00e9gats du juda\u00efsme, totalement christianis\u00e9s, ennemis du peuple juif et de sa foi. Il remet en cause aussi la sinc\u00e9rit\u00e9 des convertis.<\/span><br \/>\n<span style=\"font-family: Helvetica\">Dans son livre the Marranos of Spain, paru en 1966, il dit : \u00abLes nouveaux chr\u00e9tiens, au commencement de la d\u00e9cennie des ann\u00e9es 1480, n\u2019\u00e9taient juifs ni dans la pratique ni en esprit, mais ils s\u2019\u00e9taient assimil\u00e9s jusqu\u2019\u00e0 la moelle, christianis\u00e9s et ennemis des Juifs.\u00bb Ce faisant, il sous-entend que les Juifs s\u00e9farades, c\u2019est-\u00e0-dire ceux qui viennent de la p\u00e9ninsule Ib\u00e9rique et des pays d\u2019Afrique du Nord, par opposition aux Ashk\u00e9nazes, les Juifs d\u2019Europe centrale et orientale, n\u2019avaient pas le m\u00eame rapport \u00e0 l\u2019Isra\u00ebl biblique et par cons\u00e9quent l\u2019Isra\u00ebl nouveau voulu par les sionistes r\u00e9visionnistes. Ils demeurent, selon l\u2019historien r\u00e9visionniste et tous ses pros\u00e9lytes douteux.<\/span><br \/>\n<span style=\"font-family: Helvetica\">Toutefois, la croisade \u2014 sans mauvais jeu de mots \u2014 ininterrompue et continuellement renouvel\u00e9e, comme d\u00e9marche de culpabilisation de tous les autres, qui amarre la pers\u00e9cution des Juifs uniquement \u00e0 l\u2019\u00e9ternel antijuda\u00efsme \u00e0 travers l\u2019histoire de l\u2019humanit\u00e9 demeure obsessionnelle. Comme si tous les juda\u00efques \u00e9taient les m\u00eames \u00e0 tout point de vue, un groupe uniforme et monolithique. On se demanderait alors pourquoi existe-t-il parmi les Isra\u00e9lites des sionistes, des religieux ultra-orthodoxes, des r\u00e9visionnistes, des travaillistes, etc. Il n\u2019y a qu\u2019\u00e0 voir la composition de la Knesset. Cela va d\u2019Isra\u00e9liens d\u2019ob\u00e9diences extr\u00e9mistes de droite avec toutes ses variantes, mod\u00e9r\u00e9es ou dogmatiques, \u00e0 l\u2019extr\u00eame gauche et ses diverses repr\u00e9sentations en passant par le centre fluctuant.<\/span><br \/>\n<span style=\"font-family: Helvetica\">Cet entendement militantiste opini\u00e2tre de la pers\u00e9cution fit que pour renforcer le trait et maintenir le harc\u00e8lement, Benyamin offrit au Pape Fran\u00e7ois lors de sa visite au Vatican, le lundi 2 d\u00e9cembre 2013, le livre de sont p\u00e8re intitul\u00e9 Les origines de l&#8217;Inquisition dans l&#8217;Espagne du quinzi\u00e8me si\u00e8cle, \u00e9dit\u00e9 en 1995.<\/span><br \/>\n<span style=\"font-family: Helvetica\">Comme si de tout le patrimoine h\u00e9bra\u00efque dont regorge la terre de Palestine, rien n\u2019avait plus de valeur aux yeux de Benyamin \u00e0 offrir au pontife que l\u2019opus de son papa. Plus m\u00e9galomane, il faut chercher ailleurs. Avant de se convertir en historien, Bension fut, durant les ann\u00e9es 30, le secr\u00e9taire particulier de Vladimir Zeev Jabotinsky, le fondateur du courant sioniste r\u00e9visionniste, autrement dit, le plus r\u00e9actionnaire, que m\u00eame Ben Gourion qualifia son pr\u00e9dicateur de \u00abVladimir Hitler\u00bb.<\/span><br \/>\n<span style=\"font-family: Helvetica\">Par ailleurs, Mussolini s\u2019adressant \u00e0 David Prato, grand rabbin de Rome, lui confiera en 1935 : \u00abPour que le sionisme r\u00e9ussisse, il vous faut un \u00c9tat juif, avec un drapeau juif et une langue juive. La personne qui comprend vraiment cela, c\u2019est votre fasciste, Jabotinsky\u00bb, rapporte Lenni Brenner dans son livre Zionism in the Age of the Dictators, \u00e9ditions Croom Helm, Londres 1983.<\/span><br \/>\n<span style=\"font-family: Helvetica\">Jabotinsky est aussi le principal inspirateur du mouvement Irgoun, cette organisation arm\u00e9e de la droite sioniste. L\u2019Histoire rapporte que Bension quitta en 1962 Isra\u00ebl qu\u2019il habitait avec sa famille depuis 1920 et s\u2019exila aux USA pour fuir le socialisme isra\u00e9lien. Il \u00e9leva ses trois gar\u00e7ons, Benyamin et ses deux fr\u00e8res, Yonatan et Iddo, dans la fid\u00e9lit\u00e9 aux id\u00e9es d\u00e9velopp\u00e9es par Jabotinsky, \u00e0 savoir : \u00abUn \u00c9tat juif dont le territoire englobe les deux rives du Jourdain. Un syst\u00e8me : la colonisation de masse. Une colonisation qui ne peut se poursuivre et se d\u00e9velopper que sous la protection d\u2019une force ind\u00e9pendante de la population locale. Un mur d\u2019acier que la population indig\u00e8ne ne puisse percer. Le mur d\u2019acier, c\u2019est le renforcement en Palestine d\u2019un gouvernement sur lequel les Arabes n\u2019auraient aucune influence, autrement dit un gouvernement contre lequel les Arabes se battront.\u00bb Cit\u00e9 par Lenni Brenner, The Iron Wall. Zed Books, Londres, 1984. Ainsi point de hasard si le fils de l\u2019un des affid\u00e9s de Jabotinsky, Benyamin, en devient un ardent missionnaire likoudnik.<\/span><br \/>\n<span style=\"font-family: Helvetica\">Charg\u00e9 de toutes ces id\u00e9es o\u00f9 se trouvent mentionn\u00e9 comme programme politique \u00e0 filiation fasciste, dans lequel figurait d\u00e9j\u00e0 un \u00c9tat juif avec un territoire englobant les deux rives du Jourdain, la colonisation de masse, l\u2019acc\u00e9l\u00e9ration de l\u2019occupation, la n\u00e9gation de l\u2019existence des Arabes, un mur d\u2019acier et au final un \u00c9tat de colons. Tout est l\u00e0.<\/span><br \/>\n<span style=\"font-family: Helvetica\">Benyamin Netanyahou, ses pr\u00e9d\u00e9cesseurs et ses successeurs n\u2019avaient qu\u2019\u00e0 se servir en remettant au go\u00fbt du jour cette plate-forme aux donn\u00e9es de l\u2019\u00e9poque dans laquelle ils vivent pour atteindre ces objectifs, au d\u00e9triment des Palestiniens, de leurs anc\u00eatres, de leurs enfants et leurs descendants. Benyamin est notoirement oppos\u00e9 \u00e0 tout compromis, sauf avec les plus radicaux sionistes que lui. Il ne recule devant rien pour satisfaire son ego. On dit de lui qu\u2019il est incapable de relations authentiques et imperm\u00e9able \u00e0 l\u2019empathie. Au final, ne le connaissent que ceux et celles qui l\u2019ont v\u00e9cu. C\u2019est pourquoi L\u00e9a Rabin, la veuve de Yitzhak Rabin, cosignataire avec Yasser Arafat des accords d\u2019Oslo, avait trait\u00e9 Benyamin Netanyahou de cauchemar, de monstre, de corrompu et de menteur pour le d\u00e9peindre, selon ses d\u00e9clarations rapport\u00e9es par le journal isra\u00e9lien Haaretz, qui cite des lettres que cette derni\u00e8re avait \u00e9crites avant sa mort en 2000. Elle ajoutait en novembre 1998 que Netanyahou est un individu corrompu, un menteur belliqueux qui ruine tout ce qu\u2019il y a de bien dans notre soci\u00e9t\u00e9. Il le r\u00e9duit \u00e0 n\u00e9ant, et \u00e0 l\u2019avenir, il faudra tout reconstruire \u00e0 nouveau.<\/span><br \/>\n<span style=\"font-family: Helvetica\">\u00c0 son tour, le quotidien fran\u00e7ais Lib\u00e9ration du 9\/11\/1995 rappelle les propos de la veuve de Rabin concernant l\u2019assassinat de son mari en parlant ainsi du Likoud, le parti dont Benyamin Netanyahou fut le pr\u00e9sident de 1993 \u00e0 1999 et sur la liste duquel devint Premier ministre d\u2019Isra\u00ebl en 1996 : \u00abCertainement oui, je le rends responsable. N\u2019avez-vous pas entendu leur discours \u00e0 la Knesset ? Vous auriez compris ce que je veux dire. Ils s\u2019exprimaient de fa\u00e7on tr\u00e8s, tr\u00e8s violente, pr\u00e9tendant que nous \u00e9tions en train de vendre le pays jusqu\u2019\u00e0 son dernier arpent et qu\u2019Isra\u00ebl n\u2019existerait plus apr\u00e8s le processus de paix. Je veux dire que tout cela \u00e9tait f\u00e9roce, assez en tout cas pour cr\u00e9er un climat permettant l\u2019assassinat.\u00bb<\/span><br \/>\n<span style=\"font-family: Helvetica\">Effectivement, la chronologie de certains \u00e9v\u00e8nements corrobore les all\u00e9gations de Madame Rabin. Le 5 octobre 1995 : rassemblement monstre de l\u2019extr\u00eame droite et des colons sur la place de Sion, \u00e0 J\u00e9rusalem. Devant les cam\u00e9ras de t\u00e9l\u00e9vision, des affiches de Rabin d\u00e9guis\u00e9 en officier SS sont mises en pi\u00e8ces. La foule hurle \u00ab\u00c0 mort Rabin !\u00bb, \u00abRabin tra\u00eetre !\u00bb. Benyamin Netanyahou encourage les manifestants \u00e0 s\u2019opposer aux accords d\u2019Oslo. 6 octobre 1995 : Itamar Ben Gvir, un jeune extr\u00e9miste de droite, devenu ministre dans le sixi\u00e8me gouvernement Benyamin Netanyahou, brandit devant un journaliste l\u2019embl\u00e8me de la Cadillac du Premier ministre. Il d\u00e9clare qu\u2019il est possible d\u2019atteindre le Premier ministre en personne. 3 novembre<\/span><br \/>\n<span style=\"font-family: Helvetica\">1995 : l\u2019\u00e9tudiant Yigal Amir participe \u00e0 une manifestation devant le domicile priv\u00e9 d\u2019Ytzhak Rabin. Les manifestants menacent Leah Rabin \u00abde la pendre par les pieds avec son mari comme Mussolini et sa ma\u00eetresse\u00bb.<\/span><br \/>\n<span style=\"font-family: Helvetica\">4 novembre 1995 : un rassemblement \u00abpour la paix et contre la violence\u00bb est organis\u00e9 sur la place des Rois d\u2019Isra\u00ebl \u00e0 Tel-Aviv en pr\u00e9sence d\u2019Yitzhak Rabin, de Shimon Peres, de plusieurs ministres du gouvernement et d\u2019ambassadeurs des pays arabes. Avec 200 000 participants, c\u2019est un \u00e9norme succ\u00e8s. Au moment o\u00f9 il quitte le rassemblement, Yitzhak Rabin est assassin\u00e9 par Yigal Amir, un \u00e9tudiant proche des milieux d\u2019extr\u00eame droite.<\/span><br \/>\n<span style=\"font-family: Helvetica\">La turpide endurance de Benyamin a fait qu\u2019il a d\u00e9velopp\u00e9 un instinct politique de survie jusque-l\u00e0 in\u00e9gal\u00e9. Il est et a \u00e9t\u00e9 au pouvoir depuis 20 ans, 1993-1999 et 2009-2023. Il est pr\u00eat \u00e0 tout pour y rester. Profitant du Covid-19, il avait quasiment r\u00e9duit la Knesset au silence. Durant cet \u00e9pisode de la vie politique isra\u00e9lienne, Ya\u00efr Lapid, ex-Premier ministre, commentait : \u00abIl n\u2019y a plus de pouvoir judiciaire, ni l\u00e9gislatif. Seulement un gouvernement non \u00e9lu avec \u00e0 sa t\u00eate le perdant de l\u2019\u00e9lection. On peut appeler \u00e7a par beaucoup de noms, mais ce n\u2019est pas une d\u00e9mocratie.\u00bb De son c\u00f4t\u00e9, Yuval Noah Harari, professeur d\u2019histoire \u00e0 l\u2019universit\u00e9 h\u00e9bra\u00efque de J\u00e9rusalem et auteur du best-seller Sapiens, dit : \u00abLe coronavirus a tu\u00e9 la d\u00e9mocratie. Bibi a perdu l\u2019\u00e9lection, ferm\u00e9 la Knesset, donn\u00e9 l\u2019ordre aux citoyens de rester chez eux et impose n\u2019importe quelle mesure d\u2019urgence qui lui chante. \u00c7a s\u2019appelle la dictature.\u00bb<\/span><br \/>\n<span style=\"font-family: Helvetica\">En fin de mod\u00e8le et en troisi\u00e8me facette : le Premier ministre d\u2019Isra\u00ebl depuis deux d\u00e9cennies et des milliers de morts palestiniens, au bout du compte, est poursuivi en justice, pas pour des faits de gloire. Mais pour des faits de grand banditisme politique.<\/span><br \/>\n<span style=\"font-family: Helvetica\">Le 21 novembre 2019, le procureur g\u00e9n\u00e9ral de l\u2019\u00c9tat d\u2019Isra\u00ebl Avicha\u00ef Mandelblit avait annonc\u00e9 sa mise en cause pour corruption, fraude et abus de faiblesse. Il avait re\u00e7u lui et sa famille entre 2007 et 2016 des cigares, des bouteilles de champagne et des bijoux. Le tout pour environ 230 000 euros. Il a aussi \u00e9t\u00e9 mis en cause dans deux autres affaires, celle dite Bezeq ou 4 000, dans laquelle il avait accord\u00e9 des avantages au patron de cette soci\u00e9t\u00e9 de t\u00e9l\u00e9com qui aurait rapport\u00e9 \u00e0 son patron des millions de dollars, en \u00e9change d\u2019une couverture m\u00e9diatique de combat au profit de Benyamin. La troisi\u00e8me affaire concerne le soudoiement du propri\u00e9taire du journal Yediot Haronot pour une couverture favorable \u00e0 Netanyahou.<\/span><br \/>\n<span style=\"font-family: Helvetica\">En conclusion, cette long\u00e9vit\u00e9 au pouvoir, faite de crapulerie, de crimes, de d\u00e9shonneur, de d\u00e9loyaut\u00e9 et de fausset\u00e9, a fragilis\u00e9 Bibi. Il le sait. Il sait qu\u2019il doit rendre des comptes. Il devra alors r\u00e9pondre \u00e0 cette question : Quels sont les torts de gosses palestiniens qui n\u2019ont re\u00e7u en h\u00e9ritage et en partage avec leurs parents que vivre dans la peur et partager avec eux l\u2019indignit\u00e9 tous les jours pour qu\u2019en face Benyamin et les siens \u00e9difient la leur de dignit\u00e9 ? Et comme l\u2019on dit : \u00abC\u2019est \u00e0 la fin du bal que l\u2019on paie les musiciens.\u00bb<\/span><br \/>\n<span style=\"font-family: Helvetica\"><em><strong>A.\u2008L.\u2008<\/strong><\/em><\/span><\/p>\n<p>&nbsp;<\/p>\n<p><span style=\"font-family: Helvetica\">lesoirdalgerie.com<\/span><\/p>\n","protected":false},"excerpt":{"rendered":"<p>Par Abdelkader Leklek Comme premi\u00e8re facette avec deux autres qui suivront et en guise de r\u00e9ponse \u00e0 ma question de pr\u00e9sentation, je&hellip;<\/p>\n","protected":false},"author":61,"featured_media":93402,"comment_status":"open","ping_status":"closed","sticky":false,"template":"","format":"standard","meta":{"_lmt_disableupdate":"","_lmt_disable":"","footnotes":""},"categories":[39,49],"tags":[],"class_list":["post-93401","post","type-post","status-publish","format-standard","has-post-thumbnail","hentry","category-articles-en-vedette","category-politique"],"yoast_head":"<!-- This site is optimized with the Yoast SEO plugin v27.3 - https:\/\/yoast.com\/product\/yoast-seo-wordpress\/ -->\n<title>Mais qui est donc Benyamin Netanyahou ? - AAH.JZR<\/title>\n<meta name=\"robots\" content=\"index, follow, max-snippet:-1, max-image-preview:large, max-video-preview:-1\" \/>\n<link rel=\"canonical\" href=\"https:\/\/jazairhope.org\/fr\/mais-qui-est-donc-benyamin-netanyahou\/\" \/>\n<meta property=\"og:locale\" content=\"fr_FR\" \/>\n<meta property=\"og:type\" content=\"article\" \/>\n<meta property=\"og:title\" content=\"Mais qui est donc Benyamin Netanyahou ? - AAH.JZR\" \/>\n<meta property=\"og:description\" content=\"Par Abdelkader Leklek Comme premi\u00e8re facette avec deux autres qui suivront et en guise de r\u00e9ponse \u00e0 ma question de pr\u00e9sentation, je&hellip;\" \/>\n<meta property=\"og:url\" content=\"https:\/\/jazairhope.org\/fr\/mais-qui-est-donc-benyamin-netanyahou\/\" \/>\n<meta property=\"og:site_name\" content=\"AAH.JZR\" \/>\n<meta property=\"article:publisher\" content=\"https:\/\/www.facebook.com\/jazairhope\" \/>\n<meta property=\"article:published_time\" content=\"2023-11-25T09:00:45+00:00\" \/>\n<meta property=\"og:image\" content=\"https:\/\/jazairhope.org\/wp-content\/uploads\/2023\/11\/Gaza.png\" \/>\n\t<meta property=\"og:image:width\" content=\"850\" \/>\n\t<meta property=\"og:image:height\" content=\"480\" \/>\n\t<meta property=\"og:image:type\" content=\"image\/png\" \/>\n<meta name=\"author\" content=\"Toufan\" \/>\n<meta name=\"twitter:card\" content=\"summary_large_image\" \/>\n<meta name=\"twitter:label1\" content=\"\u00c9crit par\" \/>\n\t<meta name=\"twitter:data1\" content=\"Toufan\" \/>\n\t<meta name=\"twitter:label2\" content=\"Dur\u00e9e de lecture estim\u00e9e\" \/>\n\t<meta name=\"twitter:data2\" content=\"15 minutes\" \/>\n<script type=\"application\/ld+json\" class=\"yoast-schema-graph\">{\"@context\":\"https:\\\/\\\/schema.org\",\"@graph\":[{\"@type\":\"Article\",\"@id\":\"https:\\\/\\\/jazairhope.org\\\/fr\\\/mais-qui-est-donc-benyamin-netanyahou\\\/#article\",\"isPartOf\":{\"@id\":\"https:\\\/\\\/jazairhope.org\\\/fr\\\/mais-qui-est-donc-benyamin-netanyahou\\\/\"},\"author\":{\"name\":\"Toufan\",\"@id\":\"https:\\\/\\\/jazairhope.org\\\/fr\\\/#\\\/schema\\\/person\\\/7307bafab49aeb129fb6fc80d18d5a4f\"},\"headline\":\"Mais qui est donc Benyamin Netanyahou ?\",\"datePublished\":\"2023-11-25T09:00:45+00:00\",\"mainEntityOfPage\":{\"@id\":\"https:\\\/\\\/jazairhope.org\\\/fr\\\/mais-qui-est-donc-benyamin-netanyahou\\\/\"},\"wordCount\":3305,\"commentCount\":0,\"image\":{\"@id\":\"https:\\\/\\\/jazairhope.org\\\/fr\\\/mais-qui-est-donc-benyamin-netanyahou\\\/#primaryimage\"},\"thumbnailUrl\":\"https:\\\/\\\/jazairhope.org\\\/wp-content\\\/uploads\\\/2023\\\/11\\\/Gaza.png\",\"articleSection\":[\"Articles en vedette\",\"Politique\"],\"inLanguage\":\"fr-FR\",\"potentialAction\":[{\"@type\":\"CommentAction\",\"name\":\"Comment\",\"target\":[\"https:\\\/\\\/jazairhope.org\\\/fr\\\/mais-qui-est-donc-benyamin-netanyahou\\\/#respond\"]}]},{\"@type\":\"WebPage\",\"@id\":\"https:\\\/\\\/jazairhope.org\\\/fr\\\/mais-qui-est-donc-benyamin-netanyahou\\\/\",\"url\":\"https:\\\/\\\/jazairhope.org\\\/fr\\\/mais-qui-est-donc-benyamin-netanyahou\\\/\",\"name\":\"Mais qui est donc Benyamin Netanyahou ? - AAH.JZR\",\"isPartOf\":{\"@id\":\"https:\\\/\\\/jazairhope.org\\\/fr\\\/#website\"},\"primaryImageOfPage\":{\"@id\":\"https:\\\/\\\/jazairhope.org\\\/fr\\\/mais-qui-est-donc-benyamin-netanyahou\\\/#primaryimage\"},\"image\":{\"@id\":\"https:\\\/\\\/jazairhope.org\\\/fr\\\/mais-qui-est-donc-benyamin-netanyahou\\\/#primaryimage\"},\"thumbnailUrl\":\"https:\\\/\\\/jazairhope.org\\\/wp-content\\\/uploads\\\/2023\\\/11\\\/Gaza.png\",\"datePublished\":\"2023-11-25T09:00:45+00:00\",\"author\":{\"@id\":\"https:\\\/\\\/jazairhope.org\\\/fr\\\/#\\\/schema\\\/person\\\/7307bafab49aeb129fb6fc80d18d5a4f\"},\"breadcrumb\":{\"@id\":\"https:\\\/\\\/jazairhope.org\\\/fr\\\/mais-qui-est-donc-benyamin-netanyahou\\\/#breadcrumb\"},\"inLanguage\":\"fr-FR\",\"potentialAction\":[{\"@type\":\"ReadAction\",\"target\":[\"https:\\\/\\\/jazairhope.org\\\/fr\\\/mais-qui-est-donc-benyamin-netanyahou\\\/\"]}]},{\"@type\":\"ImageObject\",\"inLanguage\":\"fr-FR\",\"@id\":\"https:\\\/\\\/jazairhope.org\\\/fr\\\/mais-qui-est-donc-benyamin-netanyahou\\\/#primaryimage\",\"url\":\"https:\\\/\\\/jazairhope.org\\\/wp-content\\\/uploads\\\/2023\\\/11\\\/Gaza.png\",\"contentUrl\":\"https:\\\/\\\/jazairhope.org\\\/wp-content\\\/uploads\\\/2023\\\/11\\\/Gaza.png\",\"width\":850,\"height\":480},{\"@type\":\"BreadcrumbList\",\"@id\":\"https:\\\/\\\/jazairhope.org\\\/fr\\\/mais-qui-est-donc-benyamin-netanyahou\\\/#breadcrumb\",\"itemListElement\":[{\"@type\":\"ListItem\",\"position\":1,\"name\":\"Accueil\",\"item\":\"https:\\\/\\\/jazairhope.org\\\/fr\\\/\"},{\"@type\":\"ListItem\",\"position\":2,\"name\":\"Mais qui est donc Benyamin Netanyahou ?\"}]},{\"@type\":\"WebSite\",\"@id\":\"https:\\\/\\\/jazairhope.org\\\/fr\\\/#website\",\"url\":\"https:\\\/\\\/jazairhope.org\\\/fr\\\/\",\"name\":\"AAH.JZR\",\"description\":\"Environment, Health, Science, Art, Economics\",\"potentialAction\":[{\"@type\":\"SearchAction\",\"target\":{\"@type\":\"EntryPoint\",\"urlTemplate\":\"https:\\\/\\\/jazairhope.org\\\/fr\\\/?s={search_term_string}\"},\"query-input\":{\"@type\":\"PropertyValueSpecification\",\"valueRequired\":true,\"valueName\":\"search_term_string\"}}],\"inLanguage\":\"fr-FR\"},{\"@type\":\"Person\",\"@id\":\"https:\\\/\\\/jazairhope.org\\\/fr\\\/#\\\/schema\\\/person\\\/7307bafab49aeb129fb6fc80d18d5a4f\",\"name\":\"Toufan\",\"image\":{\"@type\":\"ImageObject\",\"inLanguage\":\"fr-FR\",\"@id\":\"https:\\\/\\\/secure.gravatar.com\\\/avatar\\\/f6356c3a1b9302a43412244ff56ef2d8361d6ade233460e836f432cc74fa7c2f?s=96&d=mm&r=g\",\"url\":\"https:\\\/\\\/secure.gravatar.com\\\/avatar\\\/f6356c3a1b9302a43412244ff56ef2d8361d6ade233460e836f432cc74fa7c2f?s=96&d=mm&r=g\",\"contentUrl\":\"https:\\\/\\\/secure.gravatar.com\\\/avatar\\\/f6356c3a1b9302a43412244ff56ef2d8361d6ade233460e836f432cc74fa7c2f?s=96&d=mm&r=g\",\"caption\":\"Toufan\"},\"url\":\"https:\\\/\\\/jazairhope.org\\\/fr\\\/author\\\/toufan\\\/\"}]}<\/script>\n<!-- \/ Yoast SEO plugin. -->","yoast_head_json":{"title":"Mais qui est donc Benyamin Netanyahou ? - AAH.JZR","robots":{"index":"index","follow":"follow","max-snippet":"max-snippet:-1","max-image-preview":"max-image-preview:large","max-video-preview":"max-video-preview:-1"},"canonical":"https:\/\/jazairhope.org\/fr\/mais-qui-est-donc-benyamin-netanyahou\/","og_locale":"fr_FR","og_type":"article","og_title":"Mais qui est donc Benyamin Netanyahou ? - AAH.JZR","og_description":"Par Abdelkader Leklek Comme premi\u00e8re facette avec deux autres qui suivront et en guise de r\u00e9ponse \u00e0 ma question de pr\u00e9sentation, je&hellip;","og_url":"https:\/\/jazairhope.org\/fr\/mais-qui-est-donc-benyamin-netanyahou\/","og_site_name":"AAH.JZR","article_publisher":"https:\/\/www.facebook.com\/jazairhope","article_published_time":"2023-11-25T09:00:45+00:00","og_image":[{"width":850,"height":480,"url":"https:\/\/jazairhope.org\/wp-content\/uploads\/2023\/11\/Gaza.png","type":"image\/png"}],"author":"Toufan","twitter_card":"summary_large_image","twitter_misc":{"\u00c9crit par":"Toufan","Dur\u00e9e de lecture estim\u00e9e":"15 minutes"},"schema":{"@context":"https:\/\/schema.org","@graph":[{"@type":"Article","@id":"https:\/\/jazairhope.org\/fr\/mais-qui-est-donc-benyamin-netanyahou\/#article","isPartOf":{"@id":"https:\/\/jazairhope.org\/fr\/mais-qui-est-donc-benyamin-netanyahou\/"},"author":{"name":"Toufan","@id":"https:\/\/jazairhope.org\/fr\/#\/schema\/person\/7307bafab49aeb129fb6fc80d18d5a4f"},"headline":"Mais qui est donc Benyamin Netanyahou ?","datePublished":"2023-11-25T09:00:45+00:00","mainEntityOfPage":{"@id":"https:\/\/jazairhope.org\/fr\/mais-qui-est-donc-benyamin-netanyahou\/"},"wordCount":3305,"commentCount":0,"image":{"@id":"https:\/\/jazairhope.org\/fr\/mais-qui-est-donc-benyamin-netanyahou\/#primaryimage"},"thumbnailUrl":"https:\/\/jazairhope.org\/wp-content\/uploads\/2023\/11\/Gaza.png","articleSection":["Articles en vedette","Politique"],"inLanguage":"fr-FR","potentialAction":[{"@type":"CommentAction","name":"Comment","target":["https:\/\/jazairhope.org\/fr\/mais-qui-est-donc-benyamin-netanyahou\/#respond"]}]},{"@type":"WebPage","@id":"https:\/\/jazairhope.org\/fr\/mais-qui-est-donc-benyamin-netanyahou\/","url":"https:\/\/jazairhope.org\/fr\/mais-qui-est-donc-benyamin-netanyahou\/","name":"Mais qui est donc Benyamin Netanyahou ? - AAH.JZR","isPartOf":{"@id":"https:\/\/jazairhope.org\/fr\/#website"},"primaryImageOfPage":{"@id":"https:\/\/jazairhope.org\/fr\/mais-qui-est-donc-benyamin-netanyahou\/#primaryimage"},"image":{"@id":"https:\/\/jazairhope.org\/fr\/mais-qui-est-donc-benyamin-netanyahou\/#primaryimage"},"thumbnailUrl":"https:\/\/jazairhope.org\/wp-content\/uploads\/2023\/11\/Gaza.png","datePublished":"2023-11-25T09:00:45+00:00","author":{"@id":"https:\/\/jazairhope.org\/fr\/#\/schema\/person\/7307bafab49aeb129fb6fc80d18d5a4f"},"breadcrumb":{"@id":"https:\/\/jazairhope.org\/fr\/mais-qui-est-donc-benyamin-netanyahou\/#breadcrumb"},"inLanguage":"fr-FR","potentialAction":[{"@type":"ReadAction","target":["https:\/\/jazairhope.org\/fr\/mais-qui-est-donc-benyamin-netanyahou\/"]}]},{"@type":"ImageObject","inLanguage":"fr-FR","@id":"https:\/\/jazairhope.org\/fr\/mais-qui-est-donc-benyamin-netanyahou\/#primaryimage","url":"https:\/\/jazairhope.org\/wp-content\/uploads\/2023\/11\/Gaza.png","contentUrl":"https:\/\/jazairhope.org\/wp-content\/uploads\/2023\/11\/Gaza.png","width":850,"height":480},{"@type":"BreadcrumbList","@id":"https:\/\/jazairhope.org\/fr\/mais-qui-est-donc-benyamin-netanyahou\/#breadcrumb","itemListElement":[{"@type":"ListItem","position":1,"name":"Accueil","item":"https:\/\/jazairhope.org\/fr\/"},{"@type":"ListItem","position":2,"name":"Mais qui est donc Benyamin Netanyahou ?"}]},{"@type":"WebSite","@id":"https:\/\/jazairhope.org\/fr\/#website","url":"https:\/\/jazairhope.org\/fr\/","name":"AAH.JZR","description":"Environment, Health, Science, Art, Economics","potentialAction":[{"@type":"SearchAction","target":{"@type":"EntryPoint","urlTemplate":"https:\/\/jazairhope.org\/fr\/?s={search_term_string}"},"query-input":{"@type":"PropertyValueSpecification","valueRequired":true,"valueName":"search_term_string"}}],"inLanguage":"fr-FR"},{"@type":"Person","@id":"https:\/\/jazairhope.org\/fr\/#\/schema\/person\/7307bafab49aeb129fb6fc80d18d5a4f","name":"Toufan","image":{"@type":"ImageObject","inLanguage":"fr-FR","@id":"https:\/\/secure.gravatar.com\/avatar\/f6356c3a1b9302a43412244ff56ef2d8361d6ade233460e836f432cc74fa7c2f?s=96&d=mm&r=g","url":"https:\/\/secure.gravatar.com\/avatar\/f6356c3a1b9302a43412244ff56ef2d8361d6ade233460e836f432cc74fa7c2f?s=96&d=mm&r=g","contentUrl":"https:\/\/secure.gravatar.com\/avatar\/f6356c3a1b9302a43412244ff56ef2d8361d6ade233460e836f432cc74fa7c2f?s=96&d=mm&r=g","caption":"Toufan"},"url":"https:\/\/jazairhope.org\/fr\/author\/toufan\/"}]}},"views":297,"_links":{"self":[{"href":"https:\/\/jazairhope.org\/fr\/wp-json\/wp\/v2\/posts\/93401","targetHints":{"allow":["GET"]}}],"collection":[{"href":"https:\/\/jazairhope.org\/fr\/wp-json\/wp\/v2\/posts"}],"about":[{"href":"https:\/\/jazairhope.org\/fr\/wp-json\/wp\/v2\/types\/post"}],"author":[{"embeddable":true,"href":"https:\/\/jazairhope.org\/fr\/wp-json\/wp\/v2\/users\/61"}],"replies":[{"embeddable":true,"href":"https:\/\/jazairhope.org\/fr\/wp-json\/wp\/v2\/comments?post=93401"}],"version-history":[{"count":1,"href":"https:\/\/jazairhope.org\/fr\/wp-json\/wp\/v2\/posts\/93401\/revisions"}],"predecessor-version":[{"id":93405,"href":"https:\/\/jazairhope.org\/fr\/wp-json\/wp\/v2\/posts\/93401\/revisions\/93405"}],"wp:featuredmedia":[{"embeddable":true,"href":"https:\/\/jazairhope.org\/fr\/wp-json\/wp\/v2\/media\/93402"}],"wp:attachment":[{"href":"https:\/\/jazairhope.org\/fr\/wp-json\/wp\/v2\/media?parent=93401"}],"wp:term":[{"taxonomy":"category","embeddable":true,"href":"https:\/\/jazairhope.org\/fr\/wp-json\/wp\/v2\/categories?post=93401"},{"taxonomy":"post_tag","embeddable":true,"href":"https:\/\/jazairhope.org\/fr\/wp-json\/wp\/v2\/tags?post=93401"}],"curies":[{"name":"wp","href":"https:\/\/api.w.org\/{rel}","templated":true}]}}