{"id":93634,"date":"2023-11-29T13:32:23","date_gmt":"2023-11-29T12:32:23","guid":{"rendered":"https:\/\/jazairhope.org\/?p=93634"},"modified":"2023-11-29T13:32:23","modified_gmt":"2023-11-29T12:32:23","slug":"la-palestinienne-mariam-abu-daqqa-sest-sentie-comme-attaquee-par-les-colons-en-france","status":"publish","type":"post","link":"https:\/\/jazairhope.org\/fr\/la-palestinienne-mariam-abu-daqqa-sest-sentie-comme-attaquee-par-les-colons-en-france\/","title":{"rendered":"La palestinienne Mariam Abu Daqqa s\u2019est \u00ab sentie comme attaqu\u00e9e par les colons \u00bb en France"},"content":{"rendered":"<div class=\"td-author-by\"><strong>Par\u00a0Wiame Awres<\/strong><\/div>\n<p><strong><em>Mariam Abu Daqqa raconte, dans cet entretien avec Wiame Awres, son long parcours de militante de la cause du peuple palestinien, son engagement pr\u00e9coce dans la lutte au sein du FPLP et revient sur son\u00a0<\/em>\u00ab\u00a0<em>expulsion<\/em>\u00ab\u00a0<em>\u00a0par les autorit\u00e9s fran\u00e7aises et les m\u00e9thodes brutales utilis\u00e9es contre elle par les policiers.\u00a0<\/em>\u00ab\u00a0<em>Je me suis sentie comme attaqu\u00e9e par les colons<\/em>\u00ab\u00a0.\u00a0<\/strong><\/p>\n<p>Mariam Abu Daqqa est une r\u00e9volutionnaire anticoloniale et une militante f\u00e9ministe palestinienne n\u00e9e en 1952 \u00e0 Ghaza. Durant son enfance, elle a v\u00e9cu quelques ann\u00e9es en Egypte avec sa famille avant de retourner \u00e0 Ghaza. En 1967, \u00e0 l\u2019\u00e2ge de 15 ans, elle \u00e9tait dans les rangs du Front Populaire de la Lib\u00e9ration de la Palestine (FPLP), dans lequel elle deviendra plus tard dirigeante.<\/p>\n<p>J\u2019ai contact\u00e9 Mariam Abu Daqqa suite \u00e0 son arrestation arbitraire en France et son expulsion vers le Caire au courant du mois de novembre. Grande militante, elle a donn\u00e9 des conf\u00e9rences dans plusieurs pays d\u2019Europe, d\u2019Afrique et d\u2019Asie sur la cause Palestinienne et sur la lutte f\u00e9ministe. Elle a \u00e9t\u00e9 honor\u00e9e dans plusieurs pays dont l\u2019Alg\u00e9rie o\u00f9 elle a \u00e9t\u00e9 d\u00e9sign\u00e9e meilleure personnalit\u00e9 arabe f\u00e9minine par l\u2019Union Nationale des Femmes Alg\u00e9riennes en 2020. D\u2019une voix calme et assur\u00e9e, elle nous a livr\u00e9 \u00e0 travers un entretien son parcours. Emprisonn\u00e9e \u00e0 l\u2019\u00e2ge de 15 ans, forc\u00e9e \u00e0 l\u2019exil, elle a men\u00e9 une vie de luttes sous tous les fronts.<\/p>\n<h2 class=\"wp-block-heading\"><strong>Les d\u00e9buts au FPLP\u00a0<\/strong><\/h2>\n<p>Mariam Abu Daqqa a commenc\u00e9 \u00e0 s\u2019int\u00e9resser d\u00e8s son jeune \u00e2ge \u00e0 la lutte de lib\u00e9ration palestinienne, \u00ab\u00a0<em>nous quittons tr\u00e8s t\u00f4t l\u2019enfance, nous n\u2019avons pas le temps de grandir et devenons vite adultes\u00a0<\/em>\u00bb, nous dit-elle. Elle \u00e9crit une lettre \u00e0 un des dirigeants de la FPLP (Front populaire pour la lib\u00e9ration de la Palestine): \u00ab\u00a0<em>Le Front Populaire recrutait des gar\u00e7ons mais pas des filles, je trouvais cela injuste, car en tant que femme je devais \u00e9galement participer \u00e0 la lib\u00e9ration de mon peuple. J\u2019ai \u00e9crit \u00e0 un des dirigeants pour signifier ma volont\u00e9 de lutter, il m\u2019a envoy\u00e9 une lettre \u00e0 son tour me disant qu\u2019ils allaient bient\u00f4t ouvrir des camps d\u2019entra\u00eenement pour les filles, et que je serais sit\u00f4t invit\u00e9e. Je ne me suis pas arr\u00eat\u00e9e l\u00e0, j\u2019ai \u00e9crit \u00e0 Djamel Abdennassar, le pr\u00e9sident \u00e9gyptien,\u00a0 et il m\u2019avait r\u00e9pondu et m\u00eame envoy\u00e9 des livres. Je voulais montrer aux hommes qu\u2019une femme pouvait \u00e9galement participer \u00e0 lib\u00e9rer son pays\u00a0\u00bb.\u00a0\u00a0<\/em><\/p>\n<p>Alors qu\u2019elle \u00e9tait au coll\u00e8ge, une nouvelle r\u00e9pression des manifestations anticoloniales s\u2019abat sur\u00a0 Ghaza \u00ab\u00a0<em>J\u2019\u00e9tais \u00e0 l\u2019\u00e9cole quand il y a eu de grandes attaques isra\u00e9liennes, nous avons trouv\u00e9 refuge avec d\u2019autres filles dans la maison d\u2019une vieille dame; nous y sommes rest\u00e9es cach\u00e9es sept jours sans boire ni manger. En sortant, nous avions vu des cadavres dans la rue et des b\u00e2tisses d\u00e9truites. Ma conviction de lutter n\u2019a \u00e9t\u00e9 que renforc\u00e9e. J\u2019ai int\u00e9gr\u00e9 le Front Populaire secr\u00e8tement et particip\u00e9 \u00e0 des op\u00e9rations.\u00a0<\/em>\u00bb.<\/p>\n<h2 class=\"wp-block-heading\"><strong>Prison, tortures et expulsion<\/strong><\/h2>\n<p>Alors qu\u2019elle \u00e9tait en visite chez sa famille, plusieurs chars isra\u00e9liens d\u00e9barquent, la maison est encercl\u00e9e. \u00ab\u00a0<em>Je me disais: tout cela pour une jeune fille de 15 ans\u00a0! Ils m\u2019ont emmen\u00e9e, et durant l\u2019interrogatoire, j\u2019ai fait semblant de ne rien comprendre,\u00a0 je donnais des r\u00e9ponses sans aucun sens. Je n\u2019aurais trahi ma cause pour rien au monde. Celui qui m\u2019interrogeait s\u2019est \u00e9nerv\u00e9 et a frapp\u00e9 ma t\u00eate contre le mur.\u00a0<\/em>\u00bb.<\/p>\n<p>Mariam Abu Daqqa subit maltraitances et tortures, elle est emprisonn\u00e9e durant deux ann\u00e9es. Lib\u00e9r\u00e9e \u00e0 l\u2019\u00e2ge de 17 ans, il lui est ordonn\u00e9e de quitter le territoire en 24h: \u00ab\u00a0<em>cette expulsion a \u00e9t\u00e9 comme une mise \u00e0 mort, j\u2019\u00e9tais parmi les premi\u00e8res expuls\u00e9es. Ils m\u2019ont d\u00e9pos\u00e9e \u00e0 la fronti\u00e8re jordanienne, je n\u2019avais aucun papier sur moi. Je me suis retrouv\u00e9e coinc\u00e9e, ne pouvant ni aller en Jordanie, ni en Isra\u00ebl.\u00a0\u00bb.\u00a0<\/em>Cette errance a dur\u00e9 11 jours, avant que des camarades du FPLP la retrouvent et l\u2019introduisent en Jordanie. Par la suite, elle est all\u00e9e dans plusieurs pays\u00a0: au Liban o\u00f9 elle a \u00e9t\u00e9 responsable d\u2019une section militaire du FPLP, en Syrie, en Lybie, en Irak, entre autres.<\/p>\n<p>Mariam Abu Daqqa souhaitait poursuivre ses \u00e9tudes, elle a pu obtenir une bourse pour la Bulgarie o\u00f9 elle a effectu\u00e9 un majister en sciences sociales dont le sujet a \u00e9t\u00e9\u00a0<em>Le d\u00e9veloppement de la conscience politique de la femme Palestinienne \u00e0 l\u2019\u00e9poque actuelle<\/em>, poursuivi par un doctorat en philosophie sur\u00a0<em>La lib\u00e9ration de la femme, des coutumes et des traditions dans la culture arabe<\/em>. Durant cet exil, elle n\u2019avait plus aucun contact avec sa famille \u00ab\u00a0<em>J\u2019ai pass\u00e9 de nombreuses ann\u00e9es sans avoir de nouvelles de ma famille, c\u2019\u00e9tait un d\u00e9chirement. L\u2019acc\u00e8s au t\u00e9l\u00e9phone \u00e9tait tr\u00e8s restreint, Isra\u00ebl m\u2019a emp\u00each\u00e9 de revenir \u00e0 ma terre et j\u2019ai d\u00fb vivre 30 ann\u00e9es en exil. J\u2019ai pu revoir une partie de ma famille en Egypte, plus de vingt ans apr\u00e8s, ils ne m\u2019ont pas reconnue \u00e0 cause des nombreuses ann\u00e9es o\u00f9 nous avons \u00e9t\u00e9 s\u00e9par\u00e9s. Mon p\u00e8re est mort alors que je n\u2019ai m\u00eame pas pu le voir.\u00a0\u00bb.\u00a0<\/em><\/p>\n<h2 class=\"wp-block-heading\"><strong>Le retour \u00e0 la terre natale<\/strong><\/h2>\n<p>Trente ans apr\u00e8s son expulsion, Mariam Abu Daqqa retourne \u00e0 Ghaza, elle fonde\u00a0 l\u2019Association palestinienne d\u2019\u00e9tudes f\u00e9ministes d\u00e9veloppementales, o\u00f9 plusieurs \u00e9tudes ont \u00e9t\u00e9 men\u00e9es dont des recherches sur les prisonni\u00e8res Palestiniennes, les tortures qui leur sont inflig\u00e9es et leur impact suite \u00e0 leur lib\u00e9ration. \u00ab\u00a0<em>Au sein du Front Populaire, je n\u2019ai jamais senti de diff\u00e9rence en tant que femme par rapport \u00e0 mes camarades, ils font au contraire tr\u00e8s attention \u00e0 traiter au mieux les femmes et les hommes. Pour construire un v\u00e9ritable Etat de droit, il faut qu\u2019il y ait une \u00e9galit\u00e9 entre hommes et femmes. J\u2019ai particip\u00e9 \u00e0 plusieurs conf\u00e9rences autour des droits des femmes dans le monde, et je dis \u00e0 chaque fois que nous luttons pour les femmes palestiniennes, mais aussi pour les femmes du monde car nous sommes toutes confront\u00e9es \u00e0 l\u2019imp\u00e9rialisme et au sionisme\u00a0<\/em>\u00bb.<\/p>\n<h2 class=\"wp-block-heading\"><strong>L\u2019arrestation en France\u00a0<\/strong><\/h2>\n<p>En octobre dernier, Mariam Abu Daqqa \u00e9tait en France, invit\u00e9e par quatre associations\u00a0: BDS, Union Juive Fran\u00e7aise pour la Paix, Collectif Palestine et Europe Palestine.<em>\u00a0<\/em>\u00ab\u00a0<em>Mon arriv\u00e9e en France a \u00e9t\u00e9 tout \u00e0 fait normale, je devais donner 17 conf\u00e9rences sur la condition de vie des Palestiniens sous colonisation, ainsi que sur la condition des femmes Palestiniennes. J\u2019y suis all\u00e9e pour voir la d\u00e9mocratie europ\u00e9enne, j\u2019ai \u00e9t\u00e9 surprise de voir plut\u00f4t une violation des droits humains.<\/em>\u00a0\u00bb. Plusieurs des \u00e9v\u00e9nements pr\u00e9vus ont \u00e9t\u00e9 interdits; Elle a notamment \u00e9t\u00e9 interdite d\u2019acc\u00e8s \u00e0 l\u2019Assembl\u00e9e nationale alors qu\u2019elle \u00e9tait invit\u00e9e pour la projection du film \u00ab\u00a0Yallah Ghaza\u00a0\u00bb, dont elle est l\u2019une des protagonistes. L\u2019acharnement se poursuit, suite \u00e0 un arr\u00eat\u00e9 d\u2019expulsion ordonn\u00e9 par le ministre int\u00e9rieur fran\u00e7ais. Mariam Abu Daqqa est arr\u00eat\u00e9e \u00e0 Marseille et assign\u00e9e \u00e0 r\u00e9sidence. L\u2019arr\u00eat\u00e9 d\u2019expulsion est lev\u00e9 par le tribunal administratif de Paris le 20 octobre suite \u00e0 un appel, avant qu\u2019il ne soit valid\u00e9 par le Conseil d\u2019Etat le 08 novembre. Mariam Abu Daqqa d\u00e9nonce le traitement qui lui a \u00e9t\u00e9 inflig\u00e9\u00a0\u00ab\u00a0<em>au tribunal ils sont all\u00e9s jusqu\u2019\u00e0 fouiller facebook et en sortir des photos. Vous vous rendez compte\u00a0! Ils ont aussi mis en avant que le FPLP est une organisation terroriste, alors que c\u2019est une organisation de lib\u00e9ration. Nous sommes sous occupation et avons le droit de nous d\u00e9fendre.\u00a0\u00bb.\u00a0<\/em>Alors qu\u2019elle avait<em>\u00a0<\/em>un billet d\u2019avion pour le Caire avec d\u00e9part pr\u00e9vu au 11 novembre, Mariam Abu Daqqa est brutalement arr\u00eat\u00e9e le 09 novembre \u00e0 Paris \u00ab\u00a0<em>trois hommes arm\u00e9s en noir nous ont attaqu\u00e9 moi et les femmes fran\u00e7aises qui m\u2019accompagnaient, ils m\u2019ont ass\u00e9n\u00e9 de forts coups \u00e0 la t\u00eate avec leur arme et m\u2019ont mise de force dans la voiture. Je n\u2019ai su que par la suite que c\u2019\u00e9tait la police. Je me suis sentie comme attaqu\u00e9e par les colons. J\u2019avais une bosse sur la t\u00eate et j\u2019\u00e9tais en \u00e9tat de choc. Durant quatre jours, j\u2019ai \u00e9t\u00e9 emmen\u00e9e dans quatre cellules et commissariats diff\u00e9rents. Ils ont saisi toutes mes affaires et m\u00eame mes m\u00e9dicaments, j\u2019\u00e9tais sans chaussures, il faisait froid et je n\u2019avais ni coussin ni couverture, il y avait seulement un banc en bois. Ils me fouillaient constamment, comme si j\u2019avais des bombes sur moi. L\u2019acharnement que j\u2019ai v\u00e9cu n\u2019\u00e9tait pas seulement contre ma personne, mais contre la r\u00e9sistance palestinienne.\u00a0\u00bb.\u00a0<\/em><\/p>\n<h2 class=\"wp-block-heading\"><strong>\u00ab\u00a0C\u2019est mon droit de d\u00e9fendre mon peuple!\u00a0\u00bb<\/strong><\/h2>\n<p>Suite \u00e0 cette terrible maltraitance, Mariam Abu Daqqa, de nationalit\u00e9 \u00e9gyptienne, arrive au Caire o\u00f9 elle est accueillie par des officiels et par des associations. Elle raconte sa d\u00e9sillusion suite \u00e0 ce qu\u2019elle a subi \u00ab\u00a0<em>j\u2019ai compris que ce n\u2019est pas \u00e0 l\u2019Occident de m\u2019apprendre la d\u00e9mocratie, mais c\u2019est \u00e0 moi de la leur apprendre.\u00a0Depuis le 07 octobre j\u2019ai perdu 64 membres de ma famille, ainsi que de nombreux proches et amis qui ont \u00e9t\u00e9 tu\u00e9s par les bombardements isra\u00e9liens. Et on attend que je ne parle pas de \u00e7a\u00a0? J\u2019ai \u00e9t\u00e9 trait\u00e9e comme si j\u2019\u00e9tais en terre coloniale. Ils ont r\u00e9agi comme si j\u2019\u00e9tais une terroriste, alors que c\u2019est mon droit de d\u00e9fendre mon pays, c\u2019est mon droit de d\u00e9fendre mon peuple.\u00a0 Je suis pour la lutte de lib\u00e9ration pour tous les peuples. Si la France \u00e9tait occup\u00e9e, je participerais \u00e0 sa lib\u00e9ration\u00a0! O\u00f9 sont les droits humains\u00a0? On dirait que la loi internationale ne nous concerne pas\u00a0\u00bb.\u00a0<\/em><\/p>\n<p>Face \u00e0 la propagande sioniste v\u00e9hicul\u00e9e notamment par les m\u00e9dias occidentaux, Mariam Abu Daqqa d\u00e9nonce ce double standard: \u00ab\u00a0<em>cette fois, la v\u00e9rit\u00e9 a \u00e9clat\u00e9. Le monde voit de face ce que commet la colonisation isra\u00e9lienne et il ne peut plus dire qu\u2019il ne savait pas. Face au g\u00e9nocide en cours, les peuples du monde s\u2019unissent contre l\u2019injustice. Les masques sont tomb\u00e9s et il n\u2019y a plus de retour en arri\u00e8re. Car Isra\u00ebl ne menace pas que la Palestine, mais menace \u00e9galement l\u2019Egypte, le Liban. Isra\u00ebl est soutenue et dirig\u00e9e par les Etats-Unis et les pays Europ\u00e9ens, qui doivent cesser cette injustice coloniale. Les pays arabes doivent unir leur force plus que jamais, afin de r\u00e9sister \u00e0 cet imp\u00e9rialisme \u00e9conomique et colonial.\u00a0 La cause palestinienne est\u00a0 la cause de toute personne et de tout peuple libre sur cette terre.<\/em>\u00a0\u00bb.<\/p>\n<p><a href=\"https:\/\/www.24hdz.dz\/palestinienne-mariam-abu-daqqa-comme-attaquee-colons-france\/\">La palestinienne Mariam Abu Daqqa s&#8217;est &#8220;sentie comme attaqu\u00e9e par les colons&#8221; en France &#8211; 24H Alg\u00e9rie &#8211; Infos &#8211; vid\u00e9os &#8211; opinions. (24hdz.dz)<\/a><\/p>\n","protected":false},"excerpt":{"rendered":"<p>Par\u00a0Wiame Awres Mariam Abu Daqqa raconte, dans cet entretien avec Wiame Awres, son long parcours de militante de la cause du peuple&hellip;<\/p>\n","protected":false},"author":61,"featured_media":93635,"comment_status":"open","ping_status":"closed","sticky":false,"template":"","format":"standard","meta":{"_lmt_disableupdate":"","_lmt_disable":"","footnotes":""},"categories":[39,49],"tags":[],"class_list":["post-93634","post","type-post","status-publish","format-standard","has-post-thumbnail","hentry","category-articles-en-vedette","category-politique"],"yoast_head":"<!-- This site is optimized with the Yoast SEO plugin v27.3 - https:\/\/yoast.com\/product\/yoast-seo-wordpress\/ -->\n<title>La palestinienne Mariam Abu Daqqa s\u2019est \u00ab sentie comme attaqu\u00e9e par les colons \u00bb en France - AAH.JZR<\/title>\n<meta name=\"robots\" content=\"index, follow, max-snippet:-1, max-image-preview:large, max-video-preview:-1\" \/>\n<link rel=\"canonical\" href=\"https:\/\/jazairhope.org\/fr\/la-palestinienne-mariam-abu-daqqa-sest-sentie-comme-attaquee-par-les-colons-en-france\/\" \/>\n<meta property=\"og:locale\" content=\"fr_FR\" \/>\n<meta property=\"og:type\" content=\"article\" \/>\n<meta property=\"og:title\" content=\"La palestinienne Mariam Abu Daqqa s\u2019est \u00ab sentie comme attaqu\u00e9e par les colons \u00bb en France - AAH.JZR\" \/>\n<meta property=\"og:description\" content=\"Par\u00a0Wiame Awres Mariam Abu Daqqa raconte, dans cet entretien avec Wiame Awres, son long parcours de militante de la cause du peuple&hellip;\" \/>\n<meta property=\"og:url\" content=\"https:\/\/jazairhope.org\/fr\/la-palestinienne-mariam-abu-daqqa-sest-sentie-comme-attaquee-par-les-colons-en-france\/\" \/>\n<meta property=\"og:site_name\" content=\"AAH.JZR\" \/>\n<meta property=\"article:publisher\" content=\"https:\/\/www.facebook.com\/jazairhope\" \/>\n<meta property=\"article:published_time\" content=\"2023-11-29T12:32:23+00:00\" \/>\n<meta property=\"og:image\" content=\"https:\/\/jazairhope.org\/wp-content\/uploads\/2023\/11\/PLO.jpg\" \/>\n\t<meta property=\"og:image:width\" content=\"696\" \/>\n\t<meta property=\"og:image:height\" content=\"393\" \/>\n\t<meta property=\"og:image:type\" content=\"image\/jpeg\" \/>\n<meta name=\"author\" content=\"Toufan\" \/>\n<meta name=\"twitter:card\" content=\"summary_large_image\" \/>\n<meta name=\"twitter:label1\" content=\"\u00c9crit par\" \/>\n\t<meta name=\"twitter:data1\" content=\"Toufan\" \/>\n\t<meta name=\"twitter:label2\" content=\"Dur\u00e9e de lecture estim\u00e9e\" \/>\n\t<meta name=\"twitter:data2\" content=\"9 minutes\" \/>\n<script type=\"application\/ld+json\" class=\"yoast-schema-graph\">{\"@context\":\"https:\\\/\\\/schema.org\",\"@graph\":[{\"@type\":\"Article\",\"@id\":\"https:\\\/\\\/jazairhope.org\\\/fr\\\/la-palestinienne-mariam-abu-daqqa-sest-sentie-comme-attaquee-par-les-colons-en-france\\\/#article\",\"isPartOf\":{\"@id\":\"https:\\\/\\\/jazairhope.org\\\/fr\\\/la-palestinienne-mariam-abu-daqqa-sest-sentie-comme-attaquee-par-les-colons-en-france\\\/\"},\"author\":{\"name\":\"Toufan\",\"@id\":\"https:\\\/\\\/jazairhope.org\\\/fr\\\/#\\\/schema\\\/person\\\/7307bafab49aeb129fb6fc80d18d5a4f\"},\"headline\":\"La palestinienne Mariam Abu Daqqa s\u2019est \u00ab sentie comme attaqu\u00e9e par les colons \u00bb en France\",\"datePublished\":\"2023-11-29T12:32:23+00:00\",\"mainEntityOfPage\":{\"@id\":\"https:\\\/\\\/jazairhope.org\\\/fr\\\/la-palestinienne-mariam-abu-daqqa-sest-sentie-comme-attaquee-par-les-colons-en-france\\\/\"},\"wordCount\":1923,\"commentCount\":1,\"image\":{\"@id\":\"https:\\\/\\\/jazairhope.org\\\/fr\\\/la-palestinienne-mariam-abu-daqqa-sest-sentie-comme-attaquee-par-les-colons-en-france\\\/#primaryimage\"},\"thumbnailUrl\":\"https:\\\/\\\/jazairhope.org\\\/wp-content\\\/uploads\\\/2023\\\/11\\\/PLO.jpg\",\"articleSection\":[\"Articles en vedette\",\"Politique\"],\"inLanguage\":\"fr-FR\",\"potentialAction\":[{\"@type\":\"CommentAction\",\"name\":\"Comment\",\"target\":[\"https:\\\/\\\/jazairhope.org\\\/fr\\\/la-palestinienne-mariam-abu-daqqa-sest-sentie-comme-attaquee-par-les-colons-en-france\\\/#respond\"]}]},{\"@type\":\"WebPage\",\"@id\":\"https:\\\/\\\/jazairhope.org\\\/fr\\\/la-palestinienne-mariam-abu-daqqa-sest-sentie-comme-attaquee-par-les-colons-en-france\\\/\",\"url\":\"https:\\\/\\\/jazairhope.org\\\/fr\\\/la-palestinienne-mariam-abu-daqqa-sest-sentie-comme-attaquee-par-les-colons-en-france\\\/\",\"name\":\"La palestinienne Mariam Abu Daqqa s\u2019est \u00ab sentie comme attaqu\u00e9e par les colons \u00bb en France - AAH.JZR\",\"isPartOf\":{\"@id\":\"https:\\\/\\\/jazairhope.org\\\/fr\\\/#website\"},\"primaryImageOfPage\":{\"@id\":\"https:\\\/\\\/jazairhope.org\\\/fr\\\/la-palestinienne-mariam-abu-daqqa-sest-sentie-comme-attaquee-par-les-colons-en-france\\\/#primaryimage\"},\"image\":{\"@id\":\"https:\\\/\\\/jazairhope.org\\\/fr\\\/la-palestinienne-mariam-abu-daqqa-sest-sentie-comme-attaquee-par-les-colons-en-france\\\/#primaryimage\"},\"thumbnailUrl\":\"https:\\\/\\\/jazairhope.org\\\/wp-content\\\/uploads\\\/2023\\\/11\\\/PLO.jpg\",\"datePublished\":\"2023-11-29T12:32:23+00:00\",\"author\":{\"@id\":\"https:\\\/\\\/jazairhope.org\\\/fr\\\/#\\\/schema\\\/person\\\/7307bafab49aeb129fb6fc80d18d5a4f\"},\"breadcrumb\":{\"@id\":\"https:\\\/\\\/jazairhope.org\\\/fr\\\/la-palestinienne-mariam-abu-daqqa-sest-sentie-comme-attaquee-par-les-colons-en-france\\\/#breadcrumb\"},\"inLanguage\":\"fr-FR\",\"potentialAction\":[{\"@type\":\"ReadAction\",\"target\":[\"https:\\\/\\\/jazairhope.org\\\/fr\\\/la-palestinienne-mariam-abu-daqqa-sest-sentie-comme-attaquee-par-les-colons-en-france\\\/\"]}]},{\"@type\":\"ImageObject\",\"inLanguage\":\"fr-FR\",\"@id\":\"https:\\\/\\\/jazairhope.org\\\/fr\\\/la-palestinienne-mariam-abu-daqqa-sest-sentie-comme-attaquee-par-les-colons-en-france\\\/#primaryimage\",\"url\":\"https:\\\/\\\/jazairhope.org\\\/wp-content\\\/uploads\\\/2023\\\/11\\\/PLO.jpg\",\"contentUrl\":\"https:\\\/\\\/jazairhope.org\\\/wp-content\\\/uploads\\\/2023\\\/11\\\/PLO.jpg\",\"width\":696,\"height\":393},{\"@type\":\"BreadcrumbList\",\"@id\":\"https:\\\/\\\/jazairhope.org\\\/fr\\\/la-palestinienne-mariam-abu-daqqa-sest-sentie-comme-attaquee-par-les-colons-en-france\\\/#breadcrumb\",\"itemListElement\":[{\"@type\":\"ListItem\",\"position\":1,\"name\":\"Accueil\",\"item\":\"https:\\\/\\\/jazairhope.org\\\/fr\\\/\"},{\"@type\":\"ListItem\",\"position\":2,\"name\":\"La palestinienne Mariam Abu Daqqa s\u2019est \u00ab sentie comme attaqu\u00e9e par les colons \u00bb en France\"}]},{\"@type\":\"WebSite\",\"@id\":\"https:\\\/\\\/jazairhope.org\\\/fr\\\/#website\",\"url\":\"https:\\\/\\\/jazairhope.org\\\/fr\\\/\",\"name\":\"AAH.JZR\",\"description\":\"Environment, Health, Science, Art, Economics\",\"potentialAction\":[{\"@type\":\"SearchAction\",\"target\":{\"@type\":\"EntryPoint\",\"urlTemplate\":\"https:\\\/\\\/jazairhope.org\\\/fr\\\/?s={search_term_string}\"},\"query-input\":{\"@type\":\"PropertyValueSpecification\",\"valueRequired\":true,\"valueName\":\"search_term_string\"}}],\"inLanguage\":\"fr-FR\"},{\"@type\":\"Person\",\"@id\":\"https:\\\/\\\/jazairhope.org\\\/fr\\\/#\\\/schema\\\/person\\\/7307bafab49aeb129fb6fc80d18d5a4f\",\"name\":\"Toufan\",\"image\":{\"@type\":\"ImageObject\",\"inLanguage\":\"fr-FR\",\"@id\":\"https:\\\/\\\/secure.gravatar.com\\\/avatar\\\/f6356c3a1b9302a43412244ff56ef2d8361d6ade233460e836f432cc74fa7c2f?s=96&d=mm&r=g\",\"url\":\"https:\\\/\\\/secure.gravatar.com\\\/avatar\\\/f6356c3a1b9302a43412244ff56ef2d8361d6ade233460e836f432cc74fa7c2f?s=96&d=mm&r=g\",\"contentUrl\":\"https:\\\/\\\/secure.gravatar.com\\\/avatar\\\/f6356c3a1b9302a43412244ff56ef2d8361d6ade233460e836f432cc74fa7c2f?s=96&d=mm&r=g\",\"caption\":\"Toufan\"},\"url\":\"https:\\\/\\\/jazairhope.org\\\/fr\\\/author\\\/toufan\\\/\"}]}<\/script>\n<!-- \/ Yoast SEO plugin. -->","yoast_head_json":{"title":"La palestinienne Mariam Abu Daqqa s\u2019est \u00ab sentie comme attaqu\u00e9e par les colons \u00bb en France - AAH.JZR","robots":{"index":"index","follow":"follow","max-snippet":"max-snippet:-1","max-image-preview":"max-image-preview:large","max-video-preview":"max-video-preview:-1"},"canonical":"https:\/\/jazairhope.org\/fr\/la-palestinienne-mariam-abu-daqqa-sest-sentie-comme-attaquee-par-les-colons-en-france\/","og_locale":"fr_FR","og_type":"article","og_title":"La palestinienne Mariam Abu Daqqa s\u2019est \u00ab sentie comme attaqu\u00e9e par les colons \u00bb en France - AAH.JZR","og_description":"Par\u00a0Wiame Awres Mariam Abu Daqqa raconte, dans cet entretien avec Wiame Awres, son long parcours de militante de la cause du peuple&hellip;","og_url":"https:\/\/jazairhope.org\/fr\/la-palestinienne-mariam-abu-daqqa-sest-sentie-comme-attaquee-par-les-colons-en-france\/","og_site_name":"AAH.JZR","article_publisher":"https:\/\/www.facebook.com\/jazairhope","article_published_time":"2023-11-29T12:32:23+00:00","og_image":[{"width":696,"height":393,"url":"https:\/\/jazairhope.org\/wp-content\/uploads\/2023\/11\/PLO.jpg","type":"image\/jpeg"}],"author":"Toufan","twitter_card":"summary_large_image","twitter_misc":{"\u00c9crit par":"Toufan","Dur\u00e9e de lecture estim\u00e9e":"9 minutes"},"schema":{"@context":"https:\/\/schema.org","@graph":[{"@type":"Article","@id":"https:\/\/jazairhope.org\/fr\/la-palestinienne-mariam-abu-daqqa-sest-sentie-comme-attaquee-par-les-colons-en-france\/#article","isPartOf":{"@id":"https:\/\/jazairhope.org\/fr\/la-palestinienne-mariam-abu-daqqa-sest-sentie-comme-attaquee-par-les-colons-en-france\/"},"author":{"name":"Toufan","@id":"https:\/\/jazairhope.org\/fr\/#\/schema\/person\/7307bafab49aeb129fb6fc80d18d5a4f"},"headline":"La palestinienne Mariam Abu Daqqa s\u2019est \u00ab sentie comme attaqu\u00e9e par les colons \u00bb en France","datePublished":"2023-11-29T12:32:23+00:00","mainEntityOfPage":{"@id":"https:\/\/jazairhope.org\/fr\/la-palestinienne-mariam-abu-daqqa-sest-sentie-comme-attaquee-par-les-colons-en-france\/"},"wordCount":1923,"commentCount":1,"image":{"@id":"https:\/\/jazairhope.org\/fr\/la-palestinienne-mariam-abu-daqqa-sest-sentie-comme-attaquee-par-les-colons-en-france\/#primaryimage"},"thumbnailUrl":"https:\/\/jazairhope.org\/wp-content\/uploads\/2023\/11\/PLO.jpg","articleSection":["Articles en vedette","Politique"],"inLanguage":"fr-FR","potentialAction":[{"@type":"CommentAction","name":"Comment","target":["https:\/\/jazairhope.org\/fr\/la-palestinienne-mariam-abu-daqqa-sest-sentie-comme-attaquee-par-les-colons-en-france\/#respond"]}]},{"@type":"WebPage","@id":"https:\/\/jazairhope.org\/fr\/la-palestinienne-mariam-abu-daqqa-sest-sentie-comme-attaquee-par-les-colons-en-france\/","url":"https:\/\/jazairhope.org\/fr\/la-palestinienne-mariam-abu-daqqa-sest-sentie-comme-attaquee-par-les-colons-en-france\/","name":"La palestinienne Mariam Abu Daqqa s\u2019est \u00ab sentie comme attaqu\u00e9e par les colons \u00bb en France - AAH.JZR","isPartOf":{"@id":"https:\/\/jazairhope.org\/fr\/#website"},"primaryImageOfPage":{"@id":"https:\/\/jazairhope.org\/fr\/la-palestinienne-mariam-abu-daqqa-sest-sentie-comme-attaquee-par-les-colons-en-france\/#primaryimage"},"image":{"@id":"https:\/\/jazairhope.org\/fr\/la-palestinienne-mariam-abu-daqqa-sest-sentie-comme-attaquee-par-les-colons-en-france\/#primaryimage"},"thumbnailUrl":"https:\/\/jazairhope.org\/wp-content\/uploads\/2023\/11\/PLO.jpg","datePublished":"2023-11-29T12:32:23+00:00","author":{"@id":"https:\/\/jazairhope.org\/fr\/#\/schema\/person\/7307bafab49aeb129fb6fc80d18d5a4f"},"breadcrumb":{"@id":"https:\/\/jazairhope.org\/fr\/la-palestinienne-mariam-abu-daqqa-sest-sentie-comme-attaquee-par-les-colons-en-france\/#breadcrumb"},"inLanguage":"fr-FR","potentialAction":[{"@type":"ReadAction","target":["https:\/\/jazairhope.org\/fr\/la-palestinienne-mariam-abu-daqqa-sest-sentie-comme-attaquee-par-les-colons-en-france\/"]}]},{"@type":"ImageObject","inLanguage":"fr-FR","@id":"https:\/\/jazairhope.org\/fr\/la-palestinienne-mariam-abu-daqqa-sest-sentie-comme-attaquee-par-les-colons-en-france\/#primaryimage","url":"https:\/\/jazairhope.org\/wp-content\/uploads\/2023\/11\/PLO.jpg","contentUrl":"https:\/\/jazairhope.org\/wp-content\/uploads\/2023\/11\/PLO.jpg","width":696,"height":393},{"@type":"BreadcrumbList","@id":"https:\/\/jazairhope.org\/fr\/la-palestinienne-mariam-abu-daqqa-sest-sentie-comme-attaquee-par-les-colons-en-france\/#breadcrumb","itemListElement":[{"@type":"ListItem","position":1,"name":"Accueil","item":"https:\/\/jazairhope.org\/fr\/"},{"@type":"ListItem","position":2,"name":"La palestinienne Mariam Abu Daqqa s\u2019est \u00ab sentie comme attaqu\u00e9e par les colons \u00bb en France"}]},{"@type":"WebSite","@id":"https:\/\/jazairhope.org\/fr\/#website","url":"https:\/\/jazairhope.org\/fr\/","name":"AAH.JZR","description":"Environment, Health, Science, Art, Economics","potentialAction":[{"@type":"SearchAction","target":{"@type":"EntryPoint","urlTemplate":"https:\/\/jazairhope.org\/fr\/?s={search_term_string}"},"query-input":{"@type":"PropertyValueSpecification","valueRequired":true,"valueName":"search_term_string"}}],"inLanguage":"fr-FR"},{"@type":"Person","@id":"https:\/\/jazairhope.org\/fr\/#\/schema\/person\/7307bafab49aeb129fb6fc80d18d5a4f","name":"Toufan","image":{"@type":"ImageObject","inLanguage":"fr-FR","@id":"https:\/\/secure.gravatar.com\/avatar\/f6356c3a1b9302a43412244ff56ef2d8361d6ade233460e836f432cc74fa7c2f?s=96&d=mm&r=g","url":"https:\/\/secure.gravatar.com\/avatar\/f6356c3a1b9302a43412244ff56ef2d8361d6ade233460e836f432cc74fa7c2f?s=96&d=mm&r=g","contentUrl":"https:\/\/secure.gravatar.com\/avatar\/f6356c3a1b9302a43412244ff56ef2d8361d6ade233460e836f432cc74fa7c2f?s=96&d=mm&r=g","caption":"Toufan"},"url":"https:\/\/jazairhope.org\/fr\/author\/toufan\/"}]}},"views":664,"_links":{"self":[{"href":"https:\/\/jazairhope.org\/fr\/wp-json\/wp\/v2\/posts\/93634","targetHints":{"allow":["GET"]}}],"collection":[{"href":"https:\/\/jazairhope.org\/fr\/wp-json\/wp\/v2\/posts"}],"about":[{"href":"https:\/\/jazairhope.org\/fr\/wp-json\/wp\/v2\/types\/post"}],"author":[{"embeddable":true,"href":"https:\/\/jazairhope.org\/fr\/wp-json\/wp\/v2\/users\/61"}],"replies":[{"embeddable":true,"href":"https:\/\/jazairhope.org\/fr\/wp-json\/wp\/v2\/comments?post=93634"}],"version-history":[{"count":1,"href":"https:\/\/jazairhope.org\/fr\/wp-json\/wp\/v2\/posts\/93634\/revisions"}],"predecessor-version":[{"id":93638,"href":"https:\/\/jazairhope.org\/fr\/wp-json\/wp\/v2\/posts\/93634\/revisions\/93638"}],"wp:featuredmedia":[{"embeddable":true,"href":"https:\/\/jazairhope.org\/fr\/wp-json\/wp\/v2\/media\/93635"}],"wp:attachment":[{"href":"https:\/\/jazairhope.org\/fr\/wp-json\/wp\/v2\/media?parent=93634"}],"wp:term":[{"taxonomy":"category","embeddable":true,"href":"https:\/\/jazairhope.org\/fr\/wp-json\/wp\/v2\/categories?post=93634"},{"taxonomy":"post_tag","embeddable":true,"href":"https:\/\/jazairhope.org\/fr\/wp-json\/wp\/v2\/tags?post=93634"}],"curies":[{"name":"wp","href":"https:\/\/api.w.org\/{rel}","templated":true}]}}