{"id":99605,"date":"2024-02-25T20:01:13","date_gmt":"2024-02-25T19:01:13","guid":{"rendered":"https:\/\/jazairhope.org\/?p=99605"},"modified":"2024-02-25T20:01:13","modified_gmt":"2024-02-25T19:01:13","slug":"inauguration-de-djamaa-el-djazair-un-pole-du-juste-milieu-temoignant-du-role-civilisationnel-de-1er-plan-de-lalgerie","status":"publish","type":"post","link":"https:\/\/jazairhope.org\/fr\/inauguration-de-djamaa-el-djazair-un-pole-du-juste-milieu-temoignant-du-role-civilisationnel-de-1er-plan-de-lalgerie\/","title":{"rendered":"Inauguration de Djama\u00e2 El-Djaza\u00efr: un p\u00f4le du juste milieu t\u00e9moignant du r\u00f4le civilisationnel de 1er plan de l&#8217;Alg\u00e9rie"},"content":{"rendered":"<div class=\"itemIntroText col-xs-hidden \">\n<p><strong>Djama\u00e2 El-Djaza\u00efr, inaugur\u00e9 officiellement dimanche par le pr\u00e9sident de la R\u00e9publique, M. Abdelmadjid Tebboune, se veut un p\u00f4le du juste milieu qui t\u00e9moigne du r\u00f4le civilisationnel de premier plan avec lequel l&#8217;Alg\u00e9rie a renou\u00e9.<\/strong><\/p>\n<\/div>\n<div class=\"itemFullText\">\n<p>La c\u00e9r\u00e9monie d&#8217;inauguration officielle de cet \u00e9difice religieux, civilisationnel et scientifique s&#8217;est d\u00e9roul\u00e9e en pr\u00e9sence du recteur de Djama\u00e2 El-Djaza\u00efr, Cheikh Mohamed Ma\u00e2moun Al Kacimi Al Hoceini, qui a accueilli le pr\u00e9sident de la R\u00e9publique \u00e0 l&#8217;entr\u00e9e de la moqu\u00e9e, accompagn\u00e9 des ministres des Affaires religieuses et des Wakfs, M. Youcef Belmehdi, et de l&#8217;Habitat, de l&#8217;Urbanisme et de la Ville, M. Mohamed Tarek Belaribi.<\/p>\n<p>Etaient \u00e9galement pr\u00e9sents \u00e0 la c\u00e9r\u00e9monie, le pr\u00e9sident du Conseil de la nation, M. Salah Goudjil, le Premier ministre, M. Nadir Larbaoui, le pr\u00e9sident de la Cour constitutionnelle, M. Omar Belhadj, le Chef d&#8217;Etat-major de l&#8217;Arm\u00e9e nationale populaire (ANP), le G\u00e9n\u00e9ral d&#8217;Arm\u00e9e Sa\u00efd Chanegriha, le directeur de Cabinet \u00e0 la Pr\u00e9sidence de la R\u00e9publique, M. Boualem Boualem, ainsi que des membres du Gouvernement, des conseillers du pr\u00e9sident de la R\u00e9publique, de hauts responsables de l&#8217;Etat, des repr\u00e9sentants du corps diplomatique accr\u00e9dit\u00e9 \u00e0 Alger, des imams et des cheikhs de zaou\u00efas.<\/p>\n<p>A cette occasion, le pr\u00e9sident de la R\u00e9publique a pris une photo souvenir avec des oul\u00e9mas, des imams et des cheikhs du monde musulman h\u00f4tes de l&#8217;Alg\u00e9rie.<\/p>\n<p>Le pr\u00e9sident de la R\u00e9publique a ensuite assist\u00e9, au salon d&#8217;honneur de Djama\u00e2 El-Djaza\u00efr, \u00e0 la projection d&#8217;un documentaire sur les diff\u00e9rentes installations et structures de cet \u00e9difice civilisationnel et religieux.<\/p>\n<p>Le pr\u00e9sident de la R\u00e9publique a, par la suite, visit\u00e9 toutes les structures de la mosqu\u00e9e, \u00e0 savoir le Mus\u00e9e de la civilisation islamique, le Centre culturel avec sa salle de conf\u00e9rences et sa biblioth\u00e8que et l&#8217;Ecole sup\u00e9rieure des sciences islamiques &#8220;Dar El-Coran&#8221; avec ses salles d&#8217;\u00e9tudes et ses laboratoires.<\/p>\n<p>Au niveau de la biblioth\u00e8que, le pr\u00e9sident de la R\u00e9publique a soulign\u00e9 la n\u00e9cessit\u00e9 pour Djama\u00e2 El-Djaza\u00efr de contribuer \u00e0 la consolidation des valeurs de mod\u00e9ration et de juste milieu et au bannissement de l&#8217;extr\u00e9misme et du fanatisme.<\/p>\n<p>Il a instruit les responsables de la biblioth\u00e8que \u00e0 l&#8217;effet d&#8217;adopter des r\u00e8gles claires dans la validation des ouvrages \u00e0 exposer. Les livres &#8220;ne doivent pas v\u00e9hiculer de d\u00e9rives et d&#8217;id\u00e9es contraires \u00e0 notre religion, \u00e0 nos traditions et au juste milieu pr\u00f4n\u00e9 par nos a\u00efeux et nos cheikhs&#8221;, a-t-il insist\u00e9.<\/p>\n<p>Le pr\u00e9sident de la R\u00e9publique a en outre appel\u00e9 \u00e0 enrichir la biblioth\u00e8que d&#8217;ouvrages de r\u00e9f\u00e9rence dans diff\u00e9rentes sp\u00e9cialit\u00e9s scientifiques, mettant l&#8217;accent sur l&#8217;importance de la formation en finance islamique, en \u00e9conomie et en droit.<\/p>\n<p>Au Centre culturel de Djama\u00e2 El-Djaza\u00efr, le pr\u00e9sident de la R\u00e9publique a appel\u00e9 les responsables de cette structure \u00e0 collaborer avec les diff\u00e9rentes institutions de l&#8217;Etat pour l&#8217;organisation de conf\u00e9rences et de colloques, au regard des technologies modernes dont elle est dot\u00e9e.<\/p>\n<p>Au terme de sa visite, le pr\u00e9sident de la R\u00e9publique a accompli la pri\u00e8re du Dohr avec la d\u00e9l\u00e9gation l&#8217;accompagnant, compos\u00e9e de hauts responsables de l&#8217;Etat et de membres du Gouvernement, ainsi que des oul\u00e9mas, des imams, des cheikhs de zaou\u00efas et d&#8217;\u00e9minentes personnalit\u00e9s intellectuelles et religieuses du monde musulman.<\/p>\n<p>Dans une allocution prononc\u00e9e \u00e0 cette occasion, le recteur de Djama\u00e2 El-Djaza\u00efr a salu\u00e9 la d\u00e9cision du pr\u00e9sident de la R\u00e9publique d&#8217;inaugurer officiellement la mosqu\u00e9e apr\u00e8s l&#8217;ach\u00e8vement des travaux de construction et d&#8217;am\u00e9nagement de toutes ses installations et structures, mettant en \u00e9vidence la symbolique du moment choisi pour cette inauguration, \u00e0 savoir la mi-Cha\u00e2bane.<\/p>\n<p>Des oul\u00e9mas, imams et responsables d&#8217;organisations musulmanes internationales ont, dans ce cadre, affirm\u00e9 que Djama\u00e2 El-Djaza\u00efr constituait un haut lieu du savoir et du rayonnement religieux et consacrait le r\u00f4le civilisationnel de premier plan de l&#8217;Alg\u00e9rie dans le monde musulman et son apport \u00e0 la promotion des valeurs de mod\u00e9ration et du juste milieu dans le monde.<\/p>\n<p>Erig\u00e9 au c\u0153ur de la capitale dans la commune de Mohammadia, Djama\u00e2 El-Djaza\u00efr compte une grande salle de pri\u00e8re de 20.000 m2 pouvant accueillir jusqu&#8217;\u00e0 120.000 fid\u00e8les.<\/p>\n<p>Il se d\u00e9marque par ses colonnes octogonales dress\u00e9es dans la grande salle de pri\u00e8re et d\u00e9cor\u00e9es de marbre avec des veinures d&#8217;un blanc \u00e9clatant, son grand mihrab et sa mosa\u00efque ornementale alg\u00e9rienne authentique.<\/p>\n<p>La mosqu\u00e9e compte le plus grand minaret au monde, d&#8217;une hauteur de 265 m\u00e8tres, qui comporte 43 \u00e9tages desservis par des ascenseurs panoramiques permettant d&#8217;observer la baie d&#8217;Alger et ses environs, dont 15 abritent un mus\u00e9e d\u00e9di\u00e9 \u00e0 l&#8217;histoire de l&#8217;Alg\u00e9rie et 10 autres consacr\u00e9s \u00e0 un centre de recherches et \u00e0 des commerces.<\/p>\n<p>Djama\u00e2 El-Djaza\u00efr abrite aussi l&#8217;Ecole nationale sup\u00e9rieure des sciences islamiques &#8220;Dar El Coran&#8221;, d&#8217;une capacit\u00e9 d&#8217;accueil de 1.500 places, d\u00e9di\u00e9e aux \u00e9tudiants alg\u00e9riens et \u00e9trangers de post-graduation en sciences islamiques et sciences humaines. L&#8217;\u00e9cole dispose de salles de cours, d&#8217;une salle multim\u00e9dia, d&#8217;une salle de conf\u00e9rences et d&#8217;un internat.<\/p>\n<p>Djama\u00e2 El-Djaza\u00efr comprend \u00e9galement d&#8217;autres b\u00e2timents, dont un centre culturel dot\u00e9 d&#8217;une biblioth\u00e8que pouvant contenir jusqu&#8217;\u00e0 un (1) million de livres, outre une piste d&#8217;atterrissage pour h\u00e9licopt\u00e8res et un parking \u00e0 deux niveaux d&#8217;une capacit\u00e9 de 4.000 v\u00e9hicules au sous-sol d&#8217;une grande esplanade bord\u00e9e de nombreux jardins et de bassins.<\/p>\n<p>APS<\/p>\n<\/div>\n","protected":false},"excerpt":{"rendered":"<p>Djama\u00e2 El-Djaza\u00efr, inaugur\u00e9 officiellement dimanche par le pr\u00e9sident de la R\u00e9publique, M. Abdelmadjid Tebboune, se veut un p\u00f4le du juste milieu qui&hellip;<\/p>\n","protected":false},"author":50,"featured_media":99607,"comment_status":"open","ping_status":"closed","sticky":false,"template":"","format":"video","meta":{"_lmt_disableupdate":"","_lmt_disable":"","footnotes":""},"categories":[],"tags":[],"class_list":["post-99605","post","type-post","status-publish","format-video","has-post-thumbnail","hentry","post_format-post-format-video"],"yoast_head":"<!-- This site is optimized with the Yoast SEO plugin v27.3 - https:\/\/yoast.com\/product\/yoast-seo-wordpress\/ -->\n<title>Inauguration de Djama\u00e2 El-Djaza\u00efr: un p\u00f4le du juste milieu t\u00e9moignant du r\u00f4le civilisationnel de 1er plan de l&#039;Alg\u00e9rie - AAH.JZR<\/title>\n<meta name=\"robots\" content=\"index, follow, max-snippet:-1, max-image-preview:large, max-video-preview:-1\" \/>\n<link rel=\"canonical\" href=\"https:\/\/jazairhope.org\/fr\/inauguration-de-djamaa-el-djazair-un-pole-du-juste-milieu-temoignant-du-role-civilisationnel-de-1er-plan-de-lalgerie\/\" \/>\n<meta property=\"og:locale\" content=\"fr_FR\" \/>\n<meta property=\"og:type\" content=\"article\" \/>\n<meta property=\"og:title\" content=\"Inauguration de Djama\u00e2 El-Djaza\u00efr: un p\u00f4le du juste milieu t\u00e9moignant du r\u00f4le civilisationnel de 1er plan de l&#039;Alg\u00e9rie - AAH.JZR\" \/>\n<meta property=\"og:description\" content=\"Djama\u00e2 El-Djaza\u00efr, inaugur\u00e9 officiellement dimanche par le pr\u00e9sident de la R\u00e9publique, M. Abdelmadjid Tebboune, se veut un p\u00f4le du juste milieu qui&hellip;\" \/>\n<meta property=\"og:url\" content=\"https:\/\/jazairhope.org\/fr\/inauguration-de-djamaa-el-djazair-un-pole-du-juste-milieu-temoignant-du-role-civilisationnel-de-1er-plan-de-lalgerie\/\" \/>\n<meta property=\"og:site_name\" content=\"AAH.JZR\" \/>\n<meta property=\"article:publisher\" content=\"https:\/\/www.facebook.com\/jazairhope\" \/>\n<meta property=\"article:published_time\" content=\"2024-02-25T19:01:13+00:00\" \/>\n<meta property=\"og:image\" content=\"https:\/\/jazairhope.org\/wp-content\/uploads\/2024\/02\/jh-35.jpg\" \/>\n\t<meta property=\"og:image:width\" content=\"580\" \/>\n\t<meta property=\"og:image:height\" content=\"350\" \/>\n\t<meta property=\"og:image:type\" content=\"image\/jpeg\" \/>\n<meta name=\"author\" content=\"Hope Jzr\" \/>\n<meta name=\"twitter:card\" content=\"summary_large_image\" \/>\n<meta name=\"twitter:label1\" content=\"\u00c9crit par\" \/>\n\t<meta name=\"twitter:data1\" content=\"Hope Jzr\" \/>\n\t<meta name=\"twitter:label2\" content=\"Dur\u00e9e de lecture estim\u00e9e\" \/>\n\t<meta name=\"twitter:data2\" content=\"4 minutes\" \/>\n<script type=\"application\/ld+json\" class=\"yoast-schema-graph\">{\"@context\":\"https:\\\/\\\/schema.org\",\"@graph\":[{\"@type\":\"Article\",\"@id\":\"https:\\\/\\\/jazairhope.org\\\/fr\\\/inauguration-de-djamaa-el-djazair-un-pole-du-juste-milieu-temoignant-du-role-civilisationnel-de-1er-plan-de-lalgerie\\\/#article\",\"isPartOf\":{\"@id\":\"https:\\\/\\\/jazairhope.org\\\/fr\\\/inauguration-de-djamaa-el-djazair-un-pole-du-juste-milieu-temoignant-du-role-civilisationnel-de-1er-plan-de-lalgerie\\\/\"},\"author\":{\"name\":\"Hope Jzr\",\"@id\":\"https:\\\/\\\/jazairhope.org\\\/fr\\\/#\\\/schema\\\/person\\\/0b50f60fad840cf92313307e38c9d20d\"},\"headline\":\"Inauguration de Djama\u00e2 El-Djaza\u00efr: un p\u00f4le du juste milieu t\u00e9moignant du r\u00f4le civilisationnel de 1er plan de l&#8217;Alg\u00e9rie\",\"datePublished\":\"2024-02-25T19:01:13+00:00\",\"mainEntityOfPage\":{\"@id\":\"https:\\\/\\\/jazairhope.org\\\/fr\\\/inauguration-de-djamaa-el-djazair-un-pole-du-juste-milieu-temoignant-du-role-civilisationnel-de-1er-plan-de-lalgerie\\\/\"},\"wordCount\":1017,\"commentCount\":0,\"image\":{\"@id\":\"https:\\\/\\\/jazairhope.org\\\/fr\\\/inauguration-de-djamaa-el-djazair-un-pole-du-juste-milieu-temoignant-du-role-civilisationnel-de-1er-plan-de-lalgerie\\\/#primaryimage\"},\"thumbnailUrl\":\"https:\\\/\\\/jazairhope.org\\\/wp-content\\\/uploads\\\/2024\\\/02\\\/jh-35.jpg\",\"inLanguage\":\"fr-FR\",\"potentialAction\":[{\"@type\":\"CommentAction\",\"name\":\"Comment\",\"target\":[\"https:\\\/\\\/jazairhope.org\\\/fr\\\/inauguration-de-djamaa-el-djazair-un-pole-du-juste-milieu-temoignant-du-role-civilisationnel-de-1er-plan-de-lalgerie\\\/#respond\"]}]},{\"@type\":\"WebPage\",\"@id\":\"https:\\\/\\\/jazairhope.org\\\/fr\\\/inauguration-de-djamaa-el-djazair-un-pole-du-juste-milieu-temoignant-du-role-civilisationnel-de-1er-plan-de-lalgerie\\\/\",\"url\":\"https:\\\/\\\/jazairhope.org\\\/fr\\\/inauguration-de-djamaa-el-djazair-un-pole-du-juste-milieu-temoignant-du-role-civilisationnel-de-1er-plan-de-lalgerie\\\/\",\"name\":\"Inauguration de Djama\u00e2 El-Djaza\u00efr: un p\u00f4le du juste milieu t\u00e9moignant du r\u00f4le civilisationnel de 1er plan de l'Alg\u00e9rie - AAH.JZR\",\"isPartOf\":{\"@id\":\"https:\\\/\\\/jazairhope.org\\\/fr\\\/#website\"},\"primaryImageOfPage\":{\"@id\":\"https:\\\/\\\/jazairhope.org\\\/fr\\\/inauguration-de-djamaa-el-djazair-un-pole-du-juste-milieu-temoignant-du-role-civilisationnel-de-1er-plan-de-lalgerie\\\/#primaryimage\"},\"image\":{\"@id\":\"https:\\\/\\\/jazairhope.org\\\/fr\\\/inauguration-de-djamaa-el-djazair-un-pole-du-juste-milieu-temoignant-du-role-civilisationnel-de-1er-plan-de-lalgerie\\\/#primaryimage\"},\"thumbnailUrl\":\"https:\\\/\\\/jazairhope.org\\\/wp-content\\\/uploads\\\/2024\\\/02\\\/jh-35.jpg\",\"datePublished\":\"2024-02-25T19:01:13+00:00\",\"author\":{\"@id\":\"https:\\\/\\\/jazairhope.org\\\/fr\\\/#\\\/schema\\\/person\\\/0b50f60fad840cf92313307e38c9d20d\"},\"breadcrumb\":{\"@id\":\"https:\\\/\\\/jazairhope.org\\\/fr\\\/inauguration-de-djamaa-el-djazair-un-pole-du-juste-milieu-temoignant-du-role-civilisationnel-de-1er-plan-de-lalgerie\\\/#breadcrumb\"},\"inLanguage\":\"fr-FR\",\"potentialAction\":[{\"@type\":\"ReadAction\",\"target\":[\"https:\\\/\\\/jazairhope.org\\\/fr\\\/inauguration-de-djamaa-el-djazair-un-pole-du-juste-milieu-temoignant-du-role-civilisationnel-de-1er-plan-de-lalgerie\\\/\"]}]},{\"@type\":\"ImageObject\",\"inLanguage\":\"fr-FR\",\"@id\":\"https:\\\/\\\/jazairhope.org\\\/fr\\\/inauguration-de-djamaa-el-djazair-un-pole-du-juste-milieu-temoignant-du-role-civilisationnel-de-1er-plan-de-lalgerie\\\/#primaryimage\",\"url\":\"https:\\\/\\\/jazairhope.org\\\/wp-content\\\/uploads\\\/2024\\\/02\\\/jh-35.jpg\",\"contentUrl\":\"https:\\\/\\\/jazairhope.org\\\/wp-content\\\/uploads\\\/2024\\\/02\\\/jh-35.jpg\",\"width\":580,\"height\":350},{\"@type\":\"BreadcrumbList\",\"@id\":\"https:\\\/\\\/jazairhope.org\\\/fr\\\/inauguration-de-djamaa-el-djazair-un-pole-du-juste-milieu-temoignant-du-role-civilisationnel-de-1er-plan-de-lalgerie\\\/#breadcrumb\",\"itemListElement\":[{\"@type\":\"ListItem\",\"position\":1,\"name\":\"Accueil\",\"item\":\"https:\\\/\\\/jazairhope.org\\\/fr\\\/\"},{\"@type\":\"ListItem\",\"position\":2,\"name\":\"Inauguration de Djama\u00e2 El-Djaza\u00efr: un p\u00f4le du juste milieu t\u00e9moignant du r\u00f4le civilisationnel de 1er plan de l&#8217;Alg\u00e9rie\"}]},{\"@type\":\"WebSite\",\"@id\":\"https:\\\/\\\/jazairhope.org\\\/fr\\\/#website\",\"url\":\"https:\\\/\\\/jazairhope.org\\\/fr\\\/\",\"name\":\"AAH.JZR\",\"description\":\"Environment, Health, Science, Art, Economics\",\"potentialAction\":[{\"@type\":\"SearchAction\",\"target\":{\"@type\":\"EntryPoint\",\"urlTemplate\":\"https:\\\/\\\/jazairhope.org\\\/fr\\\/?s={search_term_string}\"},\"query-input\":{\"@type\":\"PropertyValueSpecification\",\"valueRequired\":true,\"valueName\":\"search_term_string\"}}],\"inLanguage\":\"fr-FR\"},{\"@type\":\"Person\",\"@id\":\"https:\\\/\\\/jazairhope.org\\\/fr\\\/#\\\/schema\\\/person\\\/0b50f60fad840cf92313307e38c9d20d\",\"name\":\"Hope Jzr\",\"image\":{\"@type\":\"ImageObject\",\"inLanguage\":\"fr-FR\",\"@id\":\"https:\\\/\\\/secure.gravatar.com\\\/avatar\\\/0a42f66f14ba94b77f351f3bb2f3b9389c4063acb1697ffb32f5d3944782d3e7?s=96&d=mm&r=g\",\"url\":\"https:\\\/\\\/secure.gravatar.com\\\/avatar\\\/0a42f66f14ba94b77f351f3bb2f3b9389c4063acb1697ffb32f5d3944782d3e7?s=96&d=mm&r=g\",\"contentUrl\":\"https:\\\/\\\/secure.gravatar.com\\\/avatar\\\/0a42f66f14ba94b77f351f3bb2f3b9389c4063acb1697ffb32f5d3944782d3e7?s=96&d=mm&r=g\",\"caption\":\"Hope Jzr\"},\"description\":\"\u00c0 propos de Hope&amp;ChaDia Hope&amp;ChaDia n\u2019est pas un pseudonyme, mais une m\u00e9thode de travail. Hope : l\u2019id\u00e9e, l\u2019esprit, la structure, la vision. C\u2019est l\u2019impulsion humaine qui choisit l\u2019angle, trace la ligne \u00e9ditoriale et donne le sens. ChaDia : l\u2019assistante, qui met en forme, d\u00e9veloppe, affine le style et v\u00e9rifie les faits. Une aide technologique qui amplifie mais ne cr\u00e9e pas. Ensemble, Hope&amp;ChaDia produisent des textes hybrides : profond\u00e9ment humains dans leur inspiration, rigoureux et pr\u00e9cis dans leur r\u00e9alisation. . . SUPPORTEZ JAZAIRHOPE ET FAITES CONNA\u00ceTRE LE PATRIMOINE ET L\u2019HISTOIRE DE L\u2019ALG\u00c9RIE, EN ACHETANT LE LIVRE DE JAZAIRHOPE POUR VOUS OU POUR L\u2019OFFRIR A VOS PROCHES, ICI : https:\\\/\\\/jazairhope.org\\\/fr\\\/ebook\\\/ CEUX EN ALG\u00c9RIE ET CEUX QUI PEUVENT PAS L\u2019ACHETER ON OFFRE UNE COPIE DIGITALE GRATUITE, POUR CELA ENVOYEZ UN EMAIL \u00c0 : INFO@JAZAIRHOPE.ORG\",\"url\":\"https:\\\/\\\/jazairhope.org\\\/fr\\\/author\\\/hope-jazair\\\/\"}]}<\/script>\n<!-- \/ Yoast SEO plugin. -->","yoast_head_json":{"title":"Inauguration de Djama\u00e2 El-Djaza\u00efr: un p\u00f4le du juste milieu t\u00e9moignant du r\u00f4le civilisationnel de 1er plan de l'Alg\u00e9rie - AAH.JZR","robots":{"index":"index","follow":"follow","max-snippet":"max-snippet:-1","max-image-preview":"max-image-preview:large","max-video-preview":"max-video-preview:-1"},"canonical":"https:\/\/jazairhope.org\/fr\/inauguration-de-djamaa-el-djazair-un-pole-du-juste-milieu-temoignant-du-role-civilisationnel-de-1er-plan-de-lalgerie\/","og_locale":"fr_FR","og_type":"article","og_title":"Inauguration de Djama\u00e2 El-Djaza\u00efr: un p\u00f4le du juste milieu t\u00e9moignant du r\u00f4le civilisationnel de 1er plan de l'Alg\u00e9rie - AAH.JZR","og_description":"Djama\u00e2 El-Djaza\u00efr, inaugur\u00e9 officiellement dimanche par le pr\u00e9sident de la R\u00e9publique, M. Abdelmadjid Tebboune, se veut un p\u00f4le du juste milieu qui&hellip;","og_url":"https:\/\/jazairhope.org\/fr\/inauguration-de-djamaa-el-djazair-un-pole-du-juste-milieu-temoignant-du-role-civilisationnel-de-1er-plan-de-lalgerie\/","og_site_name":"AAH.JZR","article_publisher":"https:\/\/www.facebook.com\/jazairhope","article_published_time":"2024-02-25T19:01:13+00:00","og_image":[{"width":580,"height":350,"url":"https:\/\/jazairhope.org\/wp-content\/uploads\/2024\/02\/jh-35.jpg","type":"image\/jpeg"}],"author":"Hope Jzr","twitter_card":"summary_large_image","twitter_misc":{"\u00c9crit par":"Hope Jzr","Dur\u00e9e de lecture estim\u00e9e":"4 minutes"},"schema":{"@context":"https:\/\/schema.org","@graph":[{"@type":"Article","@id":"https:\/\/jazairhope.org\/fr\/inauguration-de-djamaa-el-djazair-un-pole-du-juste-milieu-temoignant-du-role-civilisationnel-de-1er-plan-de-lalgerie\/#article","isPartOf":{"@id":"https:\/\/jazairhope.org\/fr\/inauguration-de-djamaa-el-djazair-un-pole-du-juste-milieu-temoignant-du-role-civilisationnel-de-1er-plan-de-lalgerie\/"},"author":{"name":"Hope Jzr","@id":"https:\/\/jazairhope.org\/fr\/#\/schema\/person\/0b50f60fad840cf92313307e38c9d20d"},"headline":"Inauguration de Djama\u00e2 El-Djaza\u00efr: un p\u00f4le du juste milieu t\u00e9moignant du r\u00f4le civilisationnel de 1er plan de l&#8217;Alg\u00e9rie","datePublished":"2024-02-25T19:01:13+00:00","mainEntityOfPage":{"@id":"https:\/\/jazairhope.org\/fr\/inauguration-de-djamaa-el-djazair-un-pole-du-juste-milieu-temoignant-du-role-civilisationnel-de-1er-plan-de-lalgerie\/"},"wordCount":1017,"commentCount":0,"image":{"@id":"https:\/\/jazairhope.org\/fr\/inauguration-de-djamaa-el-djazair-un-pole-du-juste-milieu-temoignant-du-role-civilisationnel-de-1er-plan-de-lalgerie\/#primaryimage"},"thumbnailUrl":"https:\/\/jazairhope.org\/wp-content\/uploads\/2024\/02\/jh-35.jpg","inLanguage":"fr-FR","potentialAction":[{"@type":"CommentAction","name":"Comment","target":["https:\/\/jazairhope.org\/fr\/inauguration-de-djamaa-el-djazair-un-pole-du-juste-milieu-temoignant-du-role-civilisationnel-de-1er-plan-de-lalgerie\/#respond"]}]},{"@type":"WebPage","@id":"https:\/\/jazairhope.org\/fr\/inauguration-de-djamaa-el-djazair-un-pole-du-juste-milieu-temoignant-du-role-civilisationnel-de-1er-plan-de-lalgerie\/","url":"https:\/\/jazairhope.org\/fr\/inauguration-de-djamaa-el-djazair-un-pole-du-juste-milieu-temoignant-du-role-civilisationnel-de-1er-plan-de-lalgerie\/","name":"Inauguration de Djama\u00e2 El-Djaza\u00efr: un p\u00f4le du juste milieu t\u00e9moignant du r\u00f4le civilisationnel de 1er plan de l'Alg\u00e9rie - AAH.JZR","isPartOf":{"@id":"https:\/\/jazairhope.org\/fr\/#website"},"primaryImageOfPage":{"@id":"https:\/\/jazairhope.org\/fr\/inauguration-de-djamaa-el-djazair-un-pole-du-juste-milieu-temoignant-du-role-civilisationnel-de-1er-plan-de-lalgerie\/#primaryimage"},"image":{"@id":"https:\/\/jazairhope.org\/fr\/inauguration-de-djamaa-el-djazair-un-pole-du-juste-milieu-temoignant-du-role-civilisationnel-de-1er-plan-de-lalgerie\/#primaryimage"},"thumbnailUrl":"https:\/\/jazairhope.org\/wp-content\/uploads\/2024\/02\/jh-35.jpg","datePublished":"2024-02-25T19:01:13+00:00","author":{"@id":"https:\/\/jazairhope.org\/fr\/#\/schema\/person\/0b50f60fad840cf92313307e38c9d20d"},"breadcrumb":{"@id":"https:\/\/jazairhope.org\/fr\/inauguration-de-djamaa-el-djazair-un-pole-du-juste-milieu-temoignant-du-role-civilisationnel-de-1er-plan-de-lalgerie\/#breadcrumb"},"inLanguage":"fr-FR","potentialAction":[{"@type":"ReadAction","target":["https:\/\/jazairhope.org\/fr\/inauguration-de-djamaa-el-djazair-un-pole-du-juste-milieu-temoignant-du-role-civilisationnel-de-1er-plan-de-lalgerie\/"]}]},{"@type":"ImageObject","inLanguage":"fr-FR","@id":"https:\/\/jazairhope.org\/fr\/inauguration-de-djamaa-el-djazair-un-pole-du-juste-milieu-temoignant-du-role-civilisationnel-de-1er-plan-de-lalgerie\/#primaryimage","url":"https:\/\/jazairhope.org\/wp-content\/uploads\/2024\/02\/jh-35.jpg","contentUrl":"https:\/\/jazairhope.org\/wp-content\/uploads\/2024\/02\/jh-35.jpg","width":580,"height":350},{"@type":"BreadcrumbList","@id":"https:\/\/jazairhope.org\/fr\/inauguration-de-djamaa-el-djazair-un-pole-du-juste-milieu-temoignant-du-role-civilisationnel-de-1er-plan-de-lalgerie\/#breadcrumb","itemListElement":[{"@type":"ListItem","position":1,"name":"Accueil","item":"https:\/\/jazairhope.org\/fr\/"},{"@type":"ListItem","position":2,"name":"Inauguration de Djama\u00e2 El-Djaza\u00efr: un p\u00f4le du juste milieu t\u00e9moignant du r\u00f4le civilisationnel de 1er plan de l&#8217;Alg\u00e9rie"}]},{"@type":"WebSite","@id":"https:\/\/jazairhope.org\/fr\/#website","url":"https:\/\/jazairhope.org\/fr\/","name":"AAH.JZR","description":"Environment, Health, Science, Art, Economics","potentialAction":[{"@type":"SearchAction","target":{"@type":"EntryPoint","urlTemplate":"https:\/\/jazairhope.org\/fr\/?s={search_term_string}"},"query-input":{"@type":"PropertyValueSpecification","valueRequired":true,"valueName":"search_term_string"}}],"inLanguage":"fr-FR"},{"@type":"Person","@id":"https:\/\/jazairhope.org\/fr\/#\/schema\/person\/0b50f60fad840cf92313307e38c9d20d","name":"Hope Jzr","image":{"@type":"ImageObject","inLanguage":"fr-FR","@id":"https:\/\/secure.gravatar.com\/avatar\/0a42f66f14ba94b77f351f3bb2f3b9389c4063acb1697ffb32f5d3944782d3e7?s=96&d=mm&r=g","url":"https:\/\/secure.gravatar.com\/avatar\/0a42f66f14ba94b77f351f3bb2f3b9389c4063acb1697ffb32f5d3944782d3e7?s=96&d=mm&r=g","contentUrl":"https:\/\/secure.gravatar.com\/avatar\/0a42f66f14ba94b77f351f3bb2f3b9389c4063acb1697ffb32f5d3944782d3e7?s=96&d=mm&r=g","caption":"Hope Jzr"},"description":"\u00c0 propos de Hope&amp;ChaDia Hope&amp;ChaDia n\u2019est pas un pseudonyme, mais une m\u00e9thode de travail. Hope : l\u2019id\u00e9e, l\u2019esprit, la structure, la vision. C\u2019est l\u2019impulsion humaine qui choisit l\u2019angle, trace la ligne \u00e9ditoriale et donne le sens. ChaDia : l\u2019assistante, qui met en forme, d\u00e9veloppe, affine le style et v\u00e9rifie les faits. Une aide technologique qui amplifie mais ne cr\u00e9e pas. Ensemble, Hope&amp;ChaDia produisent des textes hybrides : profond\u00e9ment humains dans leur inspiration, rigoureux et pr\u00e9cis dans leur r\u00e9alisation. . . SUPPORTEZ JAZAIRHOPE ET FAITES CONNA\u00ceTRE LE PATRIMOINE ET L\u2019HISTOIRE DE L\u2019ALG\u00c9RIE, EN ACHETANT LE LIVRE DE JAZAIRHOPE POUR VOUS OU POUR L\u2019OFFRIR A VOS PROCHES, ICI : https:\/\/jazairhope.org\/fr\/ebook\/ CEUX EN ALG\u00c9RIE ET CEUX QUI PEUVENT PAS L\u2019ACHETER ON OFFRE UNE COPIE DIGITALE GRATUITE, POUR CELA ENVOYEZ UN EMAIL \u00c0 : INFO@JAZAIRHOPE.ORG","url":"https:\/\/jazairhope.org\/fr\/author\/hope-jazair\/"}]}},"views":140,"_links":{"self":[{"href":"https:\/\/jazairhope.org\/fr\/wp-json\/wp\/v2\/posts\/99605","targetHints":{"allow":["GET"]}}],"collection":[{"href":"https:\/\/jazairhope.org\/fr\/wp-json\/wp\/v2\/posts"}],"about":[{"href":"https:\/\/jazairhope.org\/fr\/wp-json\/wp\/v2\/types\/post"}],"author":[{"embeddable":true,"href":"https:\/\/jazairhope.org\/fr\/wp-json\/wp\/v2\/users\/50"}],"replies":[{"embeddable":true,"href":"https:\/\/jazairhope.org\/fr\/wp-json\/wp\/v2\/comments?post=99605"}],"version-history":[{"count":1,"href":"https:\/\/jazairhope.org\/fr\/wp-json\/wp\/v2\/posts\/99605\/revisions"}],"predecessor-version":[{"id":99606,"href":"https:\/\/jazairhope.org\/fr\/wp-json\/wp\/v2\/posts\/99605\/revisions\/99606"}],"wp:featuredmedia":[{"embeddable":true,"href":"https:\/\/jazairhope.org\/fr\/wp-json\/wp\/v2\/media\/99607"}],"wp:attachment":[{"href":"https:\/\/jazairhope.org\/fr\/wp-json\/wp\/v2\/media?parent=99605"}],"wp:term":[{"taxonomy":"category","embeddable":true,"href":"https:\/\/jazairhope.org\/fr\/wp-json\/wp\/v2\/categories?post=99605"},{"taxonomy":"post_tag","embeddable":true,"href":"https:\/\/jazairhope.org\/fr\/wp-json\/wp\/v2\/tags?post=99605"}],"curies":[{"name":"wp","href":"https:\/\/api.w.org\/{rel}","templated":true}]}}